{"id":2817,"date":"2025-04-14T04:51:40","date_gmt":"2025-04-14T04:51:40","guid":{"rendered":"https:\/\/www.oliferm.com\/5-ueberraschende-verwendungsmoeglichkeiten-von-castelldans-olivenoel-ausserhalb-der-kueche\/"},"modified":"2025-04-14T05:11:07","modified_gmt":"2025-04-14T05:11:07","slug":"5-ueberraschende-verwendungsmoeglichkeiten-von-castelldans-olivenoel-ausserhalb-der-kueche","status":"publish","type":"post","link":"https:\/\/www.oliferm.com\/de\/5-ueberraschende-verwendungsmoeglichkeiten-von-castelldans-olivenoel-ausserhalb-der-kueche\/","title":{"rendered":"5 \u00fcberraschende Verwendungsm\u00f6glichkeiten von Castelldans Oliven\u00f6l au\u00dferhalb der K\u00fcche"},"content":{"rendered":"\n<h2 class=\"wp-block-heading\">Oliven\u00f6l aus Castelldans: viel mehr als eine Zutat<\/h2>\n\n<p>Wenn wir an Oliven\u00f6l denken, verbinden wir es oft mit Salaten, Brot mit Tomaten oder traditionellen Gerichten. Aber das mit Sorgfalt und Tradition hergestellte <strong>Oliven\u00f6l<\/strong> <a href=\"https:\/\/www.oliferm.com\/de\/\">von Oliferm<\/a> Castelldans hat noch viele weitere Verwendungsm\u00f6glichkeiten, die \u00fcber den Herd hinausgehen. Im Folgenden stellen wir einige erstaunliche Anwendungen vor, die Ihr Leben nat\u00fcrlicher, praktischer und nachhaltiger machen k\u00f6nnen.  <\/p>\n\n<h3 class=\"wp-block-heading\">Befeuchten Sie die Haut auf nat\u00fcrliche Weise<\/h3>\n\n<p>Natives Oliven\u00f6l extra ist ein hervorragender Feuchtigkeitsspender f\u00fcr trockene Stellen wie Ellbogen, H\u00e4nde oder Fersen. Mit nur wenigen Tropfen pflegen Sie Ihre Haut ohne chemische Zus\u00e4tze. Es ist besonders n\u00fctzlich nach der Arbeit im Freien oder im Winter.  <\/p>\n\n<h3 class=\"wp-block-heading\">Haarbehandlung<\/h3>\n\n<p>Bei trockenen Spitzen oder trockener Kopfhaut kann eine kleine Menge leicht erw\u00e4rmtes Oliven\u00f6l als reparierende Haarmaske wirken. 20 Minuten einwirken lassen und mit Ihrem gewohnten Shampoo auswaschen. <\/p>\n\n<h3 class=\"wp-block-heading\">Reinigung von Holz und antiken M\u00f6beln<\/h3>\n\n<p>Eine Mischung aus Oliven\u00f6l mit einigen Tropfen Zitrone ergibt einen nat\u00fcrlichen Reiniger f\u00fcr Holzoberfl\u00e4chen. Es reinigt nicht nur, sondern pflegt das Holz auch und gibt ihm seinen urspr\u00fcnglichen Glanz zur\u00fcck. <\/p>\n\n<h3 class=\"wp-block-heading\">Verhindern Sie Rost an Metallutensilien<\/h3>\n\n<p>Das Einreiben von Messern, Scheren oder anderen Metallutensilien mit einem Tuch und einigen Tropfen \u00d6l kann Rost vorbeugen. Es ist ein klassischer Trick, den viele Gro\u00dfeltern aus Castelldans noch heute anwenden. <\/p>\n\n<h3 class=\"wp-block-heading\">Sanfter und \u00f6kologischer Make-up-Entferner<\/h3>\n\n<p>Wenn Sie nach einer nat\u00fcrlichen Alternative zu handels\u00fcblichen Make-up-Entfernern suchen, <a href=\"http:\/\/nstagram.com\/p\/C7D-W5jBGct\/?img_index=1\">ist Oliven\u00f6l ideal<\/a> zum Entfernen von Make-up, auch wasserfestem, ohne die Haut zu reizen.<\/p>\n\n<h2 class=\"wp-block-heading\">Ein \u00d6l mit Seele und vielseitigen Einsatzm\u00f6glichkeiten<\/h2>\n\n<p><strong>Das Oliven\u00f6l von Castelldans<\/strong> , handgefertigt aus Arbequina-Oliven und kaltgepresst, verleiht Ihren Gerichten nicht nur Geschmack. Dar\u00fcber hinaus erm\u00f6glicht es Ihnen einen ges\u00fcnderen, nachhaltigeren und erdverbundeneren Lebensstil. <\/p>\n\n<h3 class=\"wp-block-heading\">M\u00f6chten Sie eine dieser Anwendungen ausprobieren?<\/h3>\n\n<p>Teilen Sie uns mit, was Sie am meisten \u00fcberrascht hat oder ob Sie Tricks kennen, die wir nicht erw\u00e4hnt haben!<\/p>\n","protected":false},"excerpt":{"rendered":"<p>Oliven\u00f6l aus Castelldans: viel mehr als eine Zutat Wenn wir an Oliven\u00f6l denken, verbinden wir es oft mit Salaten, Brot mit Tomaten oder traditionellen Gerichten. Aber das mit Sorgfalt und Tradition hergestellte Oliven\u00f6l von Oliferm Castelldans hat noch viele weitere Verwendungsm\u00f6glichkeiten, die \u00fcber den Herd hinausgehen. Im Folgenden stellen wir einige erstaunliche Anwendungen vor, die [&hellip;]<\/p>\n","protected":false},"author":3,"featured_media":2808,"comment_status":"open","ping_status":"open","sticky":false,"template":"","format":"standard","meta":{"_acf_changed":false,"footnotes":""},"categories":[102],"tags":[212],"class_list":["post-2817","post","type-post","status-publish","format-standard","has-post-thumbnail","hentry","category-blog-de","tag-castelldans-de"],"acf":[],"yoast_head":"<!-- This site is optimized with the Yoast SEO plugin v27.5 - https:\/\/yoast.com\/product\/yoast-seo-wordpress\/ -->\n<title>5 \u00fcberraschende Verwendungsm\u00f6glichkeiten von Castelldans Oliven\u00f6l au\u00dferhalb der K\u00fcche - OliFERM - Oli d&#039;Oliva Verge Extra<\/title>\n<meta name=\"description\" content=\"Das mit Sorgfalt und Tradition hergestellte Oliven\u00f6l aus Castelldans hat viele weitere Verwendungsm\u00f6glichkeiten, die \u00fcber den Herd hinausgehen.\" \/>\n<meta name=\"robots\" content=\"noindex, follow\" \/>\n<meta property=\"og:locale\" content=\"de_DE\" \/>\n<meta property=\"og:type\" content=\"article\" \/>\n<meta property=\"og:title\" content=\"5 \u00fcberraschende Verwendungsm\u00f6glichkeiten von Castelldans Oliven\u00f6l au\u00dferhalb der K\u00fcche - OliFERM - Oli d&#039;Oliva Verge Extra\" \/>\n<meta property=\"og:description\" content=\"Das mit Sorgfalt und Tradition hergestellte Oliven\u00f6l aus Castelldans hat viele weitere Verwendungsm\u00f6glichkeiten, die \u00fcber den Herd hinausgehen.\" \/>\n<meta property=\"og:url\" content=\"https:\/\/www.oliferm.com\/de\/?p=2817\" \/>\n<meta property=\"og:site_name\" content=\"OliFERM - Oli d&#039;Oliva Verge Extra\" \/>\n<meta property=\"article:publisher\" content=\"https:\/\/www.facebook.com\/oliferm\" \/>\n<meta property=\"article:published_time\" content=\"2025-04-14T04:51:40+00:00\" \/>\n<meta property=\"article:modified_time\" content=\"2025-04-14T05:11:07+00:00\" \/>\n<meta property=\"og:image\" content=\"https:\/\/www.oliferm.com\/wp-content\/uploads\/2025\/04\/Avui-celebrem-a-qui-valora-la-qualitat-i-la-tradicio-2.png\" \/>\n\t<meta property=\"og:image:width\" content=\"1080\" \/>\n\t<meta property=\"og:image:height\" content=\"1350\" \/>\n\t<meta property=\"og:image:type\" content=\"image\/png\" \/>\n<meta name=\"author\" content=\"Carola L\u00f3pez\" \/>\n<meta name=\"twitter:card\" content=\"summary_large_image\" \/>\n<meta name=\"twitter:label1\" content=\"Verfasst von\" \/>\n\t<meta name=\"twitter:data1\" content=\"Carola L\u00f3pez\" \/>\n\t<meta name=\"twitter:label2\" content=\"Gesch\u00e4tzte Lesezeit\" \/>\n\t<meta name=\"twitter:data2\" content=\"2\u00a0Minuten\" \/>\n<!-- \/ Yoast SEO plugin. -->","yoast_head_json":{"title":"5 \u00fcberraschende Verwendungsm\u00f6glichkeiten von Castelldans Oliven\u00f6l au\u00dferhalb der K\u00fcche - OliFERM - Oli d&#039;Oliva Verge Extra","description":"Das mit Sorgfalt und Tradition hergestellte Oliven\u00f6l aus Castelldans hat viele weitere Verwendungsm\u00f6glichkeiten, die \u00fcber den Herd hinausgehen.","robots":{"index":"noindex","follow":"follow"},"og_locale":"de_DE","og_type":"article","og_title":"5 \u00fcberraschende Verwendungsm\u00f6glichkeiten von Castelldans Oliven\u00f6l au\u00dferhalb der K\u00fcche - OliFERM - Oli d&#039;Oliva Verge Extra","og_description":"Das mit Sorgfalt und Tradition hergestellte Oliven\u00f6l aus Castelldans hat viele weitere Verwendungsm\u00f6glichkeiten, die \u00fcber den Herd hinausgehen.","og_url":"https:\/\/www.oliferm.com\/de\/?p=2817","og_site_name":"OliFERM - Oli d&#039;Oliva Verge Extra","article_publisher":"https:\/\/www.facebook.com\/oliferm","article_published_time":"2025-04-14T04:51:40+00:00","article_modified_time":"2025-04-14T05:11:07+00:00","og_image":[{"width":1080,"height":1350,"url":"https:\/\/www.oliferm.com\/wp-content\/uploads\/2025\/04\/Avui-celebrem-a-qui-valora-la-qualitat-i-la-tradicio-2.png","type":"image\/png"}],"author":"Carola L\u00f3pez","twitter_card":"summary_large_image","twitter_misc":{"Verfasst von":"Carola L\u00f3pez","Gesch\u00e4tzte Lesezeit":"2\u00a0Minuten"},"schema":{"@context":"https:\/\/schema.org","@graph":[{"@type":"Article","@id":"https:\/\/www.oliferm.com\/de\/?p=2817#article","isPartOf":{"@id":"https:\/\/www.oliferm.com\/de\/?p=2817"},"author":{"name":"Carola L\u00f3pez","@id":"https:\/\/www.oliferm.com\/#\/schema\/person\/723f902ae2010922288294ed65952a26"},"headline":"5 \u00fcberraschende Verwendungsm\u00f6glichkeiten von Castelldans Oliven\u00f6l au\u00dferhalb der K\u00fcche","datePublished":"2025-04-14T04:51:40+00:00","dateModified":"2025-04-14T05:11:07+00:00","mainEntityOfPage":{"@id":"https:\/\/www.oliferm.com\/de\/?p=2817"},"wordCount":338,"commentCount":0,"publisher":{"@id":"https:\/\/www.oliferm.com\/#organization"},"image":{"@id":"https:\/\/www.oliferm.com\/de\/?p=2817#primaryimage"},"thumbnailUrl":"https:\/\/www.oliferm.com\/wp-content\/uploads\/2025\/04\/Avui-celebrem-a-qui-valora-la-qualitat-i-la-tradicio-2.png","keywords":["Castelldans"],"articleSection":["Blog"],"inLanguage":"de","potentialAction":[{"@type":"CommentAction","name":"Comment","target":["https:\/\/www.oliferm.com\/de\/?p=2817#respond"]}]},{"@type":"WebPage","@id":"https:\/\/www.oliferm.com\/de\/?p=2817","url":"https:\/\/www.oliferm.com\/de\/?p=2817","name":"5 \u00fcberraschende Verwendungsm\u00f6glichkeiten von Castelldans Oliven\u00f6l au\u00dferhalb der K\u00fcche - OliFERM - Oli d&#039;Oliva Verge Extra","isPartOf":{"@id":"https:\/\/www.oliferm.com\/#website"},"primaryImageOfPage":{"@id":"https:\/\/www.oliferm.com\/de\/?p=2817#primaryimage"},"image":{"@id":"https:\/\/www.oliferm.com\/de\/?p=2817#primaryimage"},"thumbnailUrl":"https:\/\/www.oliferm.com\/wp-content\/uploads\/2025\/04\/Avui-celebrem-a-qui-valora-la-qualitat-i-la-tradicio-2.png","datePublished":"2025-04-14T04:51:40+00:00","dateModified":"2025-04-14T05:11:07+00:00","description":"Das mit Sorgfalt und Tradition hergestellte Oliven\u00f6l aus Castelldans hat viele weitere Verwendungsm\u00f6glichkeiten, die \u00fcber den Herd hinausgehen.","breadcrumb":{"@id":"https:\/\/www.oliferm.com\/de\/?p=2817#breadcrumb"},"inLanguage":"de","potentialAction":[{"@type":"ReadAction","target":["https:\/\/www.oliferm.com\/de\/?p=2817"]}]},{"@type":"ImageObject","inLanguage":"de","@id":"https:\/\/www.oliferm.com\/de\/?p=2817#primaryimage","url":"https:\/\/www.oliferm.com\/wp-content\/uploads\/2025\/04\/Avui-celebrem-a-qui-valora-la-qualitat-i-la-tradicio-2.png","contentUrl":"https:\/\/www.oliferm.com\/wp-content\/uploads\/2025\/04\/Avui-celebrem-a-qui-valora-la-qualitat-i-la-tradicio-2.png","width":1080,"height":1350,"caption":"oli d\u2019oliva de Castelldans"},{"@type":"BreadcrumbList","@id":"https:\/\/www.oliferm.com\/de\/?p=2817#breadcrumb","itemListElement":[{"@type":"ListItem","position":1,"name":"Inici","item":"https:\/\/www.oliferm.com\/de\/"},{"@type":"ListItem","position":2,"name":"5 \u00fcberraschende Verwendungsm\u00f6glichkeiten von Castelldans Oliven\u00f6l au\u00dferhalb der K\u00fcche"}]},{"@type":"WebSite","@id":"https:\/\/www.oliferm.com\/#website","url":"https:\/\/www.oliferm.com\/","name":"OliFERM - Oli d&#039;Oliva Verge Extra","description":"Cooperativa de Castelldans","publisher":{"@id":"https:\/\/www.oliferm.com\/#organization"},"potentialAction":[{"@type":"SearchAction","target":{"@type":"EntryPoint","urlTemplate":"https:\/\/www.oliferm.com\/?s={search_term_string}"},"query-input":{"@type":"PropertyValueSpecification","valueRequired":true,"valueName":"search_term_string"}}],"inLanguage":"de"},{"@type":"Organization","@id":"https:\/\/www.oliferm.com\/#organization","name":"OliFERM - Cooperativa de Castelldans","url":"https:\/\/www.oliferm.com\/","logo":{"@type":"ImageObject","inLanguage":"de","@id":"https:\/\/www.oliferm.com\/#\/schema\/logo\/image\/","url":"https:\/\/www.oliferm.com\/wp-content\/uploads\/2022\/02\/logo-ppal.png","contentUrl":"https:\/\/www.oliferm.com\/wp-content\/uploads\/2022\/02\/logo-ppal.png","width":700,"height":542,"caption":"OliFERM - Cooperativa de Castelldans"},"image":{"@id":"https:\/\/www.oliferm.com\/#\/schema\/logo\/image\/"},"sameAs":["https:\/\/www.facebook.com\/oliferm","https:\/\/www.instagram.com\/cooperativacastelldans\/"]},{"@type":"Person","@id":"https:\/\/www.oliferm.com\/#\/schema\/person\/723f902ae2010922288294ed65952a26","name":"Carola L\u00f3pez","image":{"@type":"ImageObject","inLanguage":"de","@id":"https:\/\/secure.gravatar.com\/avatar\/5fe445f9f8c59aea6b1f7126f00fceb51b48c675db117c8bcd06fa16b32664f2?s=96&d=mm&r=g","url":"https:\/\/secure.gravatar.com\/avatar\/5fe445f9f8c59aea6b1f7126f00fceb51b48c675db117c8bcd06fa16b32664f2?s=96&d=mm&r=g","contentUrl":"https:\/\/secure.gravatar.com\/avatar\/5fe445f9f8c59aea6b1f7126f00fceb51b48c675db117c8bcd06fa16b32664f2?s=96&d=mm&r=g","caption":"Carola L\u00f3pez"}}]}},"_links":{"self":[{"href":"https:\/\/www.oliferm.com\/de\/wp-json\/wp\/v2\/posts\/2817","targetHints":{"allow":["GET"]}}],"collection":[{"href":"https:\/\/www.oliferm.com\/de\/wp-json\/wp\/v2\/posts"}],"about":[{"href":"https:\/\/www.oliferm.com\/de\/wp-json\/wp\/v2\/types\/post"}],"author":[{"embeddable":true,"href":"https:\/\/www.oliferm.com\/de\/wp-json\/wp\/v2\/users\/3"}],"replies":[{"embeddable":true,"href":"https:\/\/www.oliferm.com\/de\/wp-json\/wp\/v2\/comments?post=2817"}],"version-history":[{"count":0,"href":"https:\/\/www.oliferm.com\/de\/wp-json\/wp\/v2\/posts\/2817\/revisions"}],"wp:featuredmedia":[{"embeddable":true,"href":"https:\/\/www.oliferm.com\/de\/wp-json\/wp\/v2\/media\/2808"}],"wp:attachment":[{"href":"https:\/\/www.oliferm.com\/de\/wp-json\/wp\/v2\/media?parent=2817"}],"wp:term":[{"taxonomy":"category","embeddable":true,"href":"https:\/\/www.oliferm.com\/de\/wp-json\/wp\/v2\/categories?post=2817"},{"taxonomy":"post_tag","embeddable":true,"href":"https:\/\/www.oliferm.com\/de\/wp-json\/wp\/v2\/tags?post=2817"}],"curies":[{"name":"wp","href":"https:\/\/api.w.org\/{rel}","templated":true}]}}