{"id":2925,"date":"2025-05-23T15:19:44","date_gmt":"2025-05-23T15:19:44","guid":{"rendered":"https:\/\/www.oliferm.com\/geschichte-der-olivenoelmuehlen-vom-stein-bis-zur-kaltpressung\/"},"modified":"2025-07-22T08:12:37","modified_gmt":"2025-07-22T08:12:37","slug":"geschichte-der-olivenoelmuehlen-vom-stein-bis-zur-kaltpressung","status":"publish","type":"post","link":"https:\/\/www.oliferm.com\/de\/geschichte-der-olivenoelmuehlen-vom-stein-bis-zur-kaltpressung\/","title":{"rendered":"Geschichte der Oliven\u00f6lm\u00fchlen: vom Stein bis zur Kaltpressung"},"content":{"rendered":"\n<h2 class=\"wp-block-heading\">Der Weg des \u00d6ls: Geschichte, Tradition und Innovation<\/h2>\n\n<p>Um den Wert einer Flasche <strong>Oliven\u00f6l aus Castelldans<\/strong> wirklich zu verstehen, m\u00fcssen Sie zur\u00fcckblicken und verstehen, wie sich seine Produktion entwickelt hat. Die <strong>Geschichte der Oliven\u00f6lm\u00fchlen<\/strong> ist eine faszinierende Reise, die uns mit alten Zivilisationen verbindet und uns zeigt, wie Geduld und Einfallsreichtum die Olive in fl\u00fcssiges Gold verwandelt haben. <\/p>\n\n<p>Von den ersten rudiment\u00e4ren Systemen bis hin zu den modernen Techniken, die wir bei <strong>Oliferm<\/strong> verwenden, hat jede Phase Spuren hinterlassen, die noch heute im Geschmack und Aroma unseres \u00d6ls sp\u00fcrbar sind.<\/p>\n\n<h3 class=\"wp-block-heading\">Die Anf\u00e4nge: Handpressen und Anima-Traktion<\/h3>\n\n<p>Die ersten \u00d6lm\u00fchlen gibt es schon seit Tausenden von Jahren. Bereits im antiken Griechenland und Rom wurden Oliven manuell oder mit Hilfe von Tieren gepresst. Das System war einfach, aber effektiv: Die Oliven wurden mit Granitsteinen zerkleinert und die gewonnene Paste anschlie\u00dfend mit einem Holzklotz gepresst, der Druck auf Espartogras oder gef\u00fcllte S\u00e4cke aus\u00fcbte.  <\/p>\n\n<p>Obwohl rudiment\u00e4r, bildeten diese M\u00fchlen die Grundlage f\u00fcr die sp\u00e4tere Entwicklung. In vielen Bauernh\u00e4usern und St\u00e4dten wie <strong>Castelldans<\/strong> kann man noch immer \u00dcberreste dieser alten Maschinen sehen. <\/p>\n\n<h3 class=\"wp-block-heading\">Das Mittelalter und die Ankunft der Zugm\u00fchlen<\/h3>\n\n<p>Im Laufe der Zeit wurden Pressen weiterentwickelt und <strong>M\u00fchlr\u00e4der eingebaut, die durch Tiere oder Wasser angetrieben wurden<\/strong> . Balken- und Hebelpressen verbesserten den Druck und steigerten die Leistung. Der Prozess war zwar immer noch langsam und handwerklich, aber effizienter.  <\/p>\n\n<p>Viele dieser M\u00fchlen befanden sich an Flussufern oder in der N\u00e4he von im 19. Jahrhundert gegr\u00fcndeten Genossenschaften, wie beispielsweise die in <strong>Camp de Castelldans<\/strong> , die zu dieser Zeit bereits begann, die kollektive Arbeit in dem Gebiet zu organisieren.<\/p>\n\n<h3 class=\"wp-block-heading\">\ud83d\udee0\ufe0f Von der traditionellen M\u00fchle in die Moderne<\/h3>\n\n<p>Mit Beginn des 20. Jahrhunderts revolutionierte die Mechanisierung die Welt des \u00d6ls. Die ersten <strong>hydraulischen Pressen<\/strong> wurden eingef\u00fchrt, wodurch die Produktionskapazit\u00e4t vervielfacht und die k\u00f6rperliche Anstrengung reduziert wurde. Sp\u00e4ter kamen <strong>Zentrifugen<\/strong> auf, die das \u00d6l schneller und hygienischer trennten.  <\/p>\n\n<p>Trotz dieser Fortschritte hat Oliferm <strong>seinen handwerklichen Charakter<\/strong> bewahrt. Das Verfahren, das wir heute verwenden, respektiert weiterhin die Rhythmen der Olive und ihre Qualit\u00e4t: Wir verwenden <strong>Kaltpressung<\/strong> , ohne die Frucht zu erhitzen oder ihre nat\u00fcrlichen Eigenschaften zu ver\u00e4ndern. Auf diese Weise erhalten wir ein reines, intensives und ehrliches \u00d6l.  <\/p>\n\n<h3 class=\"wp-block-heading\">Tradition bewahren, innovativ sein<\/h3>\n\n<p>Der Wert des Oliferm-\u00d6ls liegt nicht nur in seinem Geschmack, sondern in allem, was es darstellt: eine Entwicklung, die ihren Ursprung nicht vergisst. In unserer M\u00fchle kombinieren wir moderne Maschinen mit traditionellen Verfahren. Wir stellen sicher, dass jede Phase des Prozesses unter Ber\u00fccksichtigung <strong>von Qualit\u00e4t, Nachhaltigkeit und Geschichte<\/strong> gestaltet ist.  <\/p>\n\n<p>Jeder Tropfen, der aus unserer Genossenschaft kommt, tr\u00e4gt den Geist dieser ersten Steinm\u00fchlen in sich, aber auch die Leidenschaft und den Anspruch derjenigen, die ein erstklassiges \u00d6l anbieten m\u00f6chten.<\/p>\n\n<h2 class=\"wp-block-heading\">Vom Stein zur Flasche: eine Reise, die weitergeht<\/h2>\n\n<p>Wenn wir die <strong>Geschichte der Oliven\u00f6lm\u00fchlen<\/strong> kennen, k\u00f6nnen wir das, was wir haben, noch mehr wertsch\u00e4tzen. Es ist eine Hommage an die Geduld der Bauern, an die weitergegebene Weisheit und an das Engagement von Unternehmen wie Oliferm, die weiterhin mit Respekt, Liebe und Wurzeln \u00d6l produzieren. <\/p>\n\n<p>\ud83d\udc49 M\u00f6chten Sie unsere M\u00fchle besichtigen? Kommen Sie zur <a href=\"https:\/\/www.oliferm.com\/de\/die-genossenschaft\/\">Feldkooperative<\/a> Castelldans und entdecken Sie, wie wir unser \u00d6l herstellen! <\/p>\n\n<p><\/p>\n","protected":false},"excerpt":{"rendered":"<p>Der Weg des \u00d6ls: Geschichte, Tradition und Innovation Um den Wert einer Flasche Oliven\u00f6l aus Castelldans wirklich zu verstehen, m\u00fcssen Sie zur\u00fcckblicken und verstehen, wie sich seine Produktion entwickelt hat. Die Geschichte der Oliven\u00f6lm\u00fchlen ist eine faszinierende Reise, die uns mit alten Zivilisationen verbindet und uns zeigt, wie Geduld und Einfallsreichtum die Olive in fl\u00fcssiges [&hellip;]<\/p>\n","protected":false},"author":3,"featured_media":2865,"comment_status":"open","ping_status":"open","sticky":false,"template":"","format":"standard","meta":{"_acf_changed":false,"footnotes":""},"categories":[102],"tags":[212,521,130,217],"class_list":["post-2925","post","type-post","status-publish","format-standard","has-post-thumbnail","hentry","category-blog-de","tag-castelldans-de","tag-geschichte-der-olivenolmuhlen","tag-oben","tag-olivenol-de"],"acf":[],"yoast_head":"<!-- This site is optimized with the Yoast SEO plugin v27.5 - https:\/\/yoast.com\/product\/yoast-seo-wordpress\/ -->\n<title>Geschichte der Oliven\u00f6lm\u00fchlen: vom Stein bis zur Kaltpressung - OliFERM - Oli d&#039;Oliva Verge Extra<\/title>\n<meta name=\"description\" content=\"Entdecken Sie die Entwicklung der Oliven\u00f6lm\u00fchlen und wie Oliferm heute die Tradition mit handwerklicher Qualit\u00e4t am Leben erh\u00e4lt.\" \/>\n<meta name=\"robots\" content=\"noindex, follow\" \/>\n<meta property=\"og:locale\" content=\"de_DE\" \/>\n<meta property=\"og:type\" content=\"article\" \/>\n<meta property=\"og:title\" content=\"Geschichte der Oliven\u00f6lm\u00fchlen: vom Stein bis zur Kaltpressung - OliFERM - Oli d&#039;Oliva Verge Extra\" \/>\n<meta property=\"og:description\" content=\"Entdecken Sie die Entwicklung der Oliven\u00f6lm\u00fchlen und wie Oliferm heute die Tradition mit handwerklicher Qualit\u00e4t am Leben erh\u00e4lt.\" \/>\n<meta property=\"og:url\" content=\"https:\/\/www.oliferm.com\/de\/?p=2925\" \/>\n<meta property=\"og:site_name\" content=\"OliFERM - Oli d&#039;Oliva Verge Extra\" \/>\n<meta property=\"article:publisher\" content=\"https:\/\/www.facebook.com\/oliferm\" \/>\n<meta property=\"article:published_time\" content=\"2025-05-23T15:19:44+00:00\" \/>\n<meta property=\"article:modified_time\" content=\"2025-07-22T08:12:37+00:00\" \/>\n<meta property=\"og:image\" content=\"https:\/\/www.oliferm.com\/wp-content\/uploads\/2025\/04\/14-abr-2025-08_59_13.png\" \/>\n\t<meta property=\"og:image:width\" content=\"1024\" \/>\n\t<meta property=\"og:image:height\" content=\"1024\" \/>\n\t<meta property=\"og:image:type\" content=\"image\/png\" \/>\n<meta name=\"author\" content=\"Carola L\u00f3pez\" \/>\n<meta name=\"twitter:card\" content=\"summary_large_image\" \/>\n<meta name=\"twitter:label1\" content=\"Verfasst von\" \/>\n\t<meta name=\"twitter:data1\" content=\"Carola L\u00f3pez\" \/>\n\t<meta name=\"twitter:label2\" content=\"Gesch\u00e4tzte Lesezeit\" \/>\n\t<meta name=\"twitter:data2\" content=\"3\u00a0Minuten\" \/>\n<!-- \/ Yoast SEO plugin. -->","yoast_head_json":{"title":"Geschichte der Oliven\u00f6lm\u00fchlen: vom Stein bis zur Kaltpressung - OliFERM - Oli d&#039;Oliva Verge Extra","description":"Entdecken Sie die Entwicklung der Oliven\u00f6lm\u00fchlen und wie Oliferm heute die Tradition mit handwerklicher Qualit\u00e4t am Leben erh\u00e4lt.","robots":{"index":"noindex","follow":"follow"},"og_locale":"de_DE","og_type":"article","og_title":"Geschichte der Oliven\u00f6lm\u00fchlen: vom Stein bis zur Kaltpressung - OliFERM - Oli d&#039;Oliva Verge Extra","og_description":"Entdecken Sie die Entwicklung der Oliven\u00f6lm\u00fchlen und wie Oliferm heute die Tradition mit handwerklicher Qualit\u00e4t am Leben erh\u00e4lt.","og_url":"https:\/\/www.oliferm.com\/de\/?p=2925","og_site_name":"OliFERM - Oli d&#039;Oliva Verge Extra","article_publisher":"https:\/\/www.facebook.com\/oliferm","article_published_time":"2025-05-23T15:19:44+00:00","article_modified_time":"2025-07-22T08:12:37+00:00","og_image":[{"url":"https:\/\/www.oliferm.com\/wp-content\/uploads\/2025\/04\/14-abr-2025-08_59_13.png","width":1024,"height":1024,"type":"image\/png"}],"author":"Carola L\u00f3pez","twitter_card":"summary_large_image","twitter_misc":{"Verfasst von":"Carola L\u00f3pez","Gesch\u00e4tzte Lesezeit":"3\u00a0Minuten"},"schema":{"@context":"https:\/\/schema.org","@graph":[{"@type":"Article","@id":"https:\/\/www.oliferm.com\/de\/?p=2925#article","isPartOf":{"@id":"https:\/\/www.oliferm.com\/de\/?p=2925"},"author":{"name":"Carola L\u00f3pez","@id":"https:\/\/www.oliferm.com\/#\/schema\/person\/723f902ae2010922288294ed65952a26"},"headline":"Geschichte der Oliven\u00f6lm\u00fchlen: vom Stein bis zur Kaltpressung","datePublished":"2025-05-23T15:19:44+00:00","dateModified":"2025-07-22T08:12:37+00:00","mainEntityOfPage":{"@id":"https:\/\/www.oliferm.com\/de\/?p=2925"},"wordCount":564,"commentCount":0,"publisher":{"@id":"https:\/\/www.oliferm.com\/#organization"},"image":{"@id":"https:\/\/www.oliferm.com\/de\/?p=2925#primaryimage"},"thumbnailUrl":"https:\/\/www.oliferm.com\/wp-content\/uploads\/2025\/04\/14-abr-2025-08_59_13.png","keywords":["Castelldans","Geschichte der Oliven\u00f6lm\u00fchlen","oben","Oliven\u00f6l"],"articleSection":["Blog"],"inLanguage":"de","potentialAction":[{"@type":"CommentAction","name":"Comment","target":["https:\/\/www.oliferm.com\/de\/?p=2925#respond"]}]},{"@type":"WebPage","@id":"https:\/\/www.oliferm.com\/de\/?p=2925","url":"https:\/\/www.oliferm.com\/de\/?p=2925","name":"Geschichte der Oliven\u00f6lm\u00fchlen: vom Stein bis zur Kaltpressung - OliFERM - Oli d&#039;Oliva Verge Extra","isPartOf":{"@id":"https:\/\/www.oliferm.com\/#website"},"primaryImageOfPage":{"@id":"https:\/\/www.oliferm.com\/de\/?p=2925#primaryimage"},"image":{"@id":"https:\/\/www.oliferm.com\/de\/?p=2925#primaryimage"},"thumbnailUrl":"https:\/\/www.oliferm.com\/wp-content\/uploads\/2025\/04\/14-abr-2025-08_59_13.png","datePublished":"2025-05-23T15:19:44+00:00","dateModified":"2025-07-22T08:12:37+00:00","description":"Entdecken Sie die Entwicklung der Oliven\u00f6lm\u00fchlen und wie Oliferm heute die Tradition mit handwerklicher Qualit\u00e4t am Leben erh\u00e4lt.","breadcrumb":{"@id":"https:\/\/www.oliferm.com\/de\/?p=2925#breadcrumb"},"inLanguage":"de","potentialAction":[{"@type":"ReadAction","target":["https:\/\/www.oliferm.com\/de\/?p=2925"]}]},{"@type":"ImageObject","inLanguage":"de","@id":"https:\/\/www.oliferm.com\/de\/?p=2925#primaryimage","url":"https:\/\/www.oliferm.com\/wp-content\/uploads\/2025\/04\/14-abr-2025-08_59_13.png","contentUrl":"https:\/\/www.oliferm.com\/wp-content\/uploads\/2025\/04\/14-abr-2025-08_59_13.png","width":1024,"height":1024,"caption":"Hist\u00f2ria dels molins d\u2019oli d\u2019oliva"},{"@type":"BreadcrumbList","@id":"https:\/\/www.oliferm.com\/de\/?p=2925#breadcrumb","itemListElement":[{"@type":"ListItem","position":1,"name":"Inici","item":"https:\/\/www.oliferm.com\/de\/"},{"@type":"ListItem","position":2,"name":"Geschichte der Oliven\u00f6lm\u00fchlen: vom Stein bis zur Kaltpressung"}]},{"@type":"WebSite","@id":"https:\/\/www.oliferm.com\/#website","url":"https:\/\/www.oliferm.com\/","name":"OliFERM - Oli d&#039;Oliva Verge Extra","description":"Cooperativa de Castelldans","publisher":{"@id":"https:\/\/www.oliferm.com\/#organization"},"potentialAction":[{"@type":"SearchAction","target":{"@type":"EntryPoint","urlTemplate":"https:\/\/www.oliferm.com\/?s={search_term_string}"},"query-input":{"@type":"PropertyValueSpecification","valueRequired":true,"valueName":"search_term_string"}}],"inLanguage":"de"},{"@type":"Organization","@id":"https:\/\/www.oliferm.com\/#organization","name":"OliFERM - Cooperativa de Castelldans","url":"https:\/\/www.oliferm.com\/","logo":{"@type":"ImageObject","inLanguage":"de","@id":"https:\/\/www.oliferm.com\/#\/schema\/logo\/image\/","url":"https:\/\/www.oliferm.com\/wp-content\/uploads\/2022\/02\/logo-ppal.png","contentUrl":"https:\/\/www.oliferm.com\/wp-content\/uploads\/2022\/02\/logo-ppal.png","width":700,"height":542,"caption":"OliFERM - Cooperativa de Castelldans"},"image":{"@id":"https:\/\/www.oliferm.com\/#\/schema\/logo\/image\/"},"sameAs":["https:\/\/www.facebook.com\/oliferm","https:\/\/www.instagram.com\/cooperativacastelldans\/"]},{"@type":"Person","@id":"https:\/\/www.oliferm.com\/#\/schema\/person\/723f902ae2010922288294ed65952a26","name":"Carola L\u00f3pez","image":{"@type":"ImageObject","inLanguage":"de","@id":"https:\/\/secure.gravatar.com\/avatar\/5fe445f9f8c59aea6b1f7126f00fceb51b48c675db117c8bcd06fa16b32664f2?s=96&d=mm&r=g","url":"https:\/\/secure.gravatar.com\/avatar\/5fe445f9f8c59aea6b1f7126f00fceb51b48c675db117c8bcd06fa16b32664f2?s=96&d=mm&r=g","contentUrl":"https:\/\/secure.gravatar.com\/avatar\/5fe445f9f8c59aea6b1f7126f00fceb51b48c675db117c8bcd06fa16b32664f2?s=96&d=mm&r=g","caption":"Carola L\u00f3pez"}}]}},"_links":{"self":[{"href":"https:\/\/www.oliferm.com\/de\/wp-json\/wp\/v2\/posts\/2925","targetHints":{"allow":["GET"]}}],"collection":[{"href":"https:\/\/www.oliferm.com\/de\/wp-json\/wp\/v2\/posts"}],"about":[{"href":"https:\/\/www.oliferm.com\/de\/wp-json\/wp\/v2\/types\/post"}],"author":[{"embeddable":true,"href":"https:\/\/www.oliferm.com\/de\/wp-json\/wp\/v2\/users\/3"}],"replies":[{"embeddable":true,"href":"https:\/\/www.oliferm.com\/de\/wp-json\/wp\/v2\/comments?post=2925"}],"version-history":[{"count":0,"href":"https:\/\/www.oliferm.com\/de\/wp-json\/wp\/v2\/posts\/2925\/revisions"}],"wp:featuredmedia":[{"embeddable":true,"href":"https:\/\/www.oliferm.com\/de\/wp-json\/wp\/v2\/media\/2865"}],"wp:attachment":[{"href":"https:\/\/www.oliferm.com\/de\/wp-json\/wp\/v2\/media?parent=2925"}],"wp:term":[{"taxonomy":"category","embeddable":true,"href":"https:\/\/www.oliferm.com\/de\/wp-json\/wp\/v2\/categories?post=2925"},{"taxonomy":"post_tag","embeddable":true,"href":"https:\/\/www.oliferm.com\/de\/wp-json\/wp\/v2\/tags?post=2925"}],"curies":[{"name":"wp","href":"https:\/\/api.w.org\/{rel}","templated":true}]}}