{"id":2933,"date":"2025-05-23T15:19:50","date_gmt":"2025-05-23T15:19:50","guid":{"rendered":"https:\/\/www.oliferm.com\/geschichte-der-arbequina-olive-eine-kleine-frucht-mit-grossem-erbe\/"},"modified":"2025-07-22T08:12:45","modified_gmt":"2025-07-22T08:12:45","slug":"geschichte-der-arbequina-olive-eine-kleine-frucht-mit-grossem-erbe","status":"publish","type":"post","link":"https:\/\/www.oliferm.com\/de\/geschichte-der-arbequina-olive-eine-kleine-frucht-mit-grossem-erbe\/","title":{"rendered":"Geschichte der Arbequina-Olive (eine kleine Frucht mit gro\u00dfem Erbe)"},"content":{"rendered":"\n<h2 class=\"wp-block-heading\">Eine kleine Frucht mit einer gro\u00dfen Geschichte<\/h2>\n\n<p>Wenn wir <strong>das Oliven\u00f6l aus Castelldans<\/strong> probieren, genie\u00dfen wir einen weichen und fruchtigen Geschmack, der uns in sonnige L\u00e4nder und Felder mit jahrhundertealten Olivenb\u00e4umen versetzt. Aber wussten Sie, dass sich hinter diesem charakteristischen Geschmack eine faszinierende Geschichte verbirgt? Die <strong>Geschichte der Arbequina-Olive<\/strong> ist eine Reise, die Adel, Territorium und Tradition vereint. Und dar\u00fcber hinaus verbindet es uns mit einem sehr intimen Teil der katalanischen Agrarkultur.   <\/p>\n\n<p>Um zu verstehen, woher wir kommen, m\u00fcssen wir zur\u00fcckblicken. Und obwohl die Arbequina-Olive heute der unbestrittene Protagonist des \u00d6ls von Oliferm ist, hat sie einen viel fr\u00fcheren Ursprung, als wir uns vorstellen k\u00f6nnen. <\/p>\n\n<h3 class=\"wp-block-heading\">Vom Nahen Osten nach Les Garrigues<\/h3>\n\n<p>Verschiedenen historischen Quellen zufolge wurde diese Olivensorte etwa im <strong>17. Jahrhundert<\/strong> dank der Neugier des <strong>Herzogs von Medinaceli<\/strong> , dem damaligen Vizek\u00f6nig des F\u00fcrstentums, in Katalonien eingef\u00fchrt. W\u00e4hrend einer diplomatischen Reise in den Nahen Osten war der Herzog vom Geschmack einer kleinen, aromatischen Olive begeistert, die in Pal\u00e4stina wuchs. <\/p>\n\n<p>Entschlossen zu testen, ob diese Sorte in unserem Land wachsen k\u00f6nnte, pflanzte der Herzog die ersten Exemplare in der Stadt <strong>Arbeca<\/strong> in der Region Les Garrigues. Das trockene Klima, die kalten Winter und der steinige Boden der Gegend erwiesen sich als perfekt. Und zwar so sehr, dass sich die neue Sorte nicht nur anpasste, sondern zu einer der beliebtesten und ertragreichsten der Region wurde. So entstand die <strong>Arbequina-Olive<\/strong> , benannt nach der Stadt, in der sie heimisch wurde.   <\/p>\n\n<h3 class=\"wp-block-heading\">Ein widerstandsf\u00e4higer Baum f\u00fcr anspruchsvolle B\u00f6den<\/h3>\n\n<p>Arbequina zeichnet sich nicht nur durch seinen Geschmack aus, sondern auch durch seine Anpassungsf\u00e4higkeit. Es handelt sich um eine <strong>d\u00fcrreresistente<\/strong> Sorte mit kleiner Gr\u00f6\u00dfe, die jedoch sehr ertragreich ist und sehr schnell in die Produktion einsteigt. Daher ist es nicht verwunderlich, dass er in Gegenden wie <strong>Castelldans<\/strong> , wo die Tradition des Olivenanbaus Teil der DNA der Stadt ist, zur K\u00f6nigin der Olivenb\u00e4ume geworden ist.  <\/p>\n\n<p>Dar\u00fcber hinaus ist sie aufgrund ihrer kompakten Morphologie und der kleinen Bl\u00e4tter ideal f\u00fcr den modernen oder sogar h\u00e4uslichen Anbau geeignet. Aber das Wichtigste ist, dass daraus ein au\u00dfergew\u00f6hnliches \u00d6l entsteht. <\/p>\n\n<h3 class=\"wp-block-heading\">Ein \u00d6l mit Charakter und Vorz\u00fcgen<\/h3>\n\n<p>Das <strong>aus Arbequina gewonnene native Oliven\u00f6l extra<\/strong> zeichnet sich durch sein fruchtiges Profil mit Noten von Apfel, Mandel und frisch geschnittenem Gras aus. Aus ern\u00e4hrungsphysiologischer Sicht ist es reich an <strong>einfach unges\u00e4ttigten Fetts\u00e4uren<\/strong> , nat\u00fcrlichen Antioxidantien und phenolischen Verbindungen, die sich positiv auf die Herz-Kreislauf-Gesundheit auswirken. <\/p>\n\n<p>Bei <strong>Oliferm<\/strong> verarbeiten wir es kalt, wie es fr\u00fcher gemacht wurde, aber mit modernster Technologie, um sicherzustellen, dass jeder Tropfen alle seine Eigenschaften beh\u00e4lt. Auf diese Weise ehren wir die Geschichte der Arbequina-Olive und bieten gleichzeitig ein Produkt von h\u00f6chster Qualit\u00e4t. <\/p>\n\n<h3 class=\"wp-block-heading\">Von der Geschichte auf den Tisch<\/h3>\n\n<p>Kurz gesagt, die <strong>Geschichte der Arbequina-Olive<\/strong> ist nicht nur die einer Frucht. Es ist auch die Verantwortung des Landes, auf dem es w\u00e4chst, der Menschen, die es mit Hingabe pflegen und der Familien, die es Jahr f\u00fcr Jahr mit Stolz kultivieren. In Castelldans symbolisiert dieser kleine Olivenbaum viel mehr als nur eine Nutzpflanze: Er steht f\u00fcr eine Art zu leben und die Landschaft zu sp\u00fcren.  <\/p>\n\n<p>Wenn Sie eine Flasche <strong><a href=\"http:\/\/www.oliferm.com\">Oliferm<\/a><\/strong> verschenken oder konsumieren, entscheiden Sie sich daher nicht nur f\u00fcr ein hochwertiges \u00d6l. Sie \u00f6ffnen eine Flasche lebendiger Geschichte. <\/p>\n","protected":false},"excerpt":{"rendered":"<p>Eine kleine Frucht mit einer gro\u00dfen Geschichte Wenn wir das Oliven\u00f6l aus Castelldans probieren, genie\u00dfen wir einen weichen und fruchtigen Geschmack, der uns in sonnige L\u00e4nder und Felder mit jahrhundertealten Olivenb\u00e4umen versetzt. Aber wussten Sie, dass sich hinter diesem charakteristischen Geschmack eine faszinierende Geschichte verbirgt? Die Geschichte der Arbequina-Olive ist eine Reise, die Adel, Territorium [&hellip;]<\/p>\n","protected":false},"author":3,"featured_media":2856,"comment_status":"open","ping_status":"open","sticky":false,"template":"","format":"standard","meta":{"_acf_changed":false,"footnotes":""},"categories":[102],"tags":[212,525,130,217,213],"class_list":["post-2933","post","type-post","status-publish","format-standard","has-post-thumbnail","hentry","category-blog-de","tag-castelldans-de","tag-geschichte-der-arbequina-olive","tag-oben","tag-olivenol-de","tag-olivenolkooperativen-kataloniens"],"acf":[],"yoast_head":"<!-- This site is optimized with the Yoast SEO plugin v27.5 - https:\/\/yoast.com\/product\/yoast-seo-wordpress\/ -->\n<title>Geschichte der Arbequina-Olive (eine kleine Frucht mit gro\u00dfem Erbe) - OliFERM - Oli d&#039;Oliva Verge Extra<\/title>\n<meta name=\"description\" content=\"Entdecken Sie den Ursprung und die Geschichte der Arbequina-Olive, dem kleinen und aromatischen Schatz, der unserem Oliven\u00f6l aus Castelldans Leben einhaucht.\" \/>\n<meta name=\"robots\" content=\"noindex, follow\" \/>\n<meta property=\"og:locale\" content=\"de_DE\" \/>\n<meta property=\"og:type\" content=\"article\" \/>\n<meta property=\"og:title\" content=\"Geschichte der Arbequina-Olive (eine kleine Frucht mit gro\u00dfem Erbe) - OliFERM - Oli d&#039;Oliva Verge Extra\" \/>\n<meta property=\"og:description\" content=\"Entdecken Sie den Ursprung und die Geschichte der Arbequina-Olive, dem kleinen und aromatischen Schatz, der unserem Oliven\u00f6l aus Castelldans Leben einhaucht.\" \/>\n<meta property=\"og:url\" content=\"https:\/\/www.oliferm.com\/de\/?p=2933\" \/>\n<meta property=\"og:site_name\" content=\"OliFERM - Oli d&#039;Oliva Verge Extra\" \/>\n<meta property=\"article:publisher\" content=\"https:\/\/www.facebook.com\/oliferm\" \/>\n<meta property=\"article:published_time\" content=\"2025-05-23T15:19:50+00:00\" \/>\n<meta property=\"article:modified_time\" content=\"2025-07-22T08:12:45+00:00\" \/>\n<meta property=\"og:image\" content=\"https:\/\/www.oliferm.com\/wp-content\/uploads\/2025\/04\/ChatGPT-Image-14-abr-2025-08_42_38.png\" \/>\n\t<meta property=\"og:image:width\" content=\"1024\" \/>\n\t<meta property=\"og:image:height\" content=\"1024\" \/>\n\t<meta property=\"og:image:type\" content=\"image\/png\" \/>\n<meta name=\"author\" content=\"Carola L\u00f3pez\" \/>\n<meta name=\"twitter:card\" content=\"summary_large_image\" \/>\n<meta name=\"twitter:label1\" content=\"Verfasst von\" \/>\n\t<meta name=\"twitter:data1\" content=\"Carola L\u00f3pez\" \/>\n\t<meta name=\"twitter:label2\" content=\"Gesch\u00e4tzte Lesezeit\" \/>\n\t<meta name=\"twitter:data2\" content=\"3\u00a0Minuten\" \/>\n<!-- \/ Yoast SEO plugin. -->","yoast_head_json":{"title":"Geschichte der Arbequina-Olive (eine kleine Frucht mit gro\u00dfem Erbe) - OliFERM - Oli d&#039;Oliva Verge Extra","description":"Entdecken Sie den Ursprung und die Geschichte der Arbequina-Olive, dem kleinen und aromatischen Schatz, der unserem Oliven\u00f6l aus Castelldans Leben einhaucht.","robots":{"index":"noindex","follow":"follow"},"og_locale":"de_DE","og_type":"article","og_title":"Geschichte der Arbequina-Olive (eine kleine Frucht mit gro\u00dfem Erbe) - OliFERM - Oli d&#039;Oliva Verge Extra","og_description":"Entdecken Sie den Ursprung und die Geschichte der Arbequina-Olive, dem kleinen und aromatischen Schatz, der unserem Oliven\u00f6l aus Castelldans Leben einhaucht.","og_url":"https:\/\/www.oliferm.com\/de\/?p=2933","og_site_name":"OliFERM - Oli d&#039;Oliva Verge Extra","article_publisher":"https:\/\/www.facebook.com\/oliferm","article_published_time":"2025-05-23T15:19:50+00:00","article_modified_time":"2025-07-22T08:12:45+00:00","og_image":[{"width":1024,"height":1024,"url":"https:\/\/www.oliferm.com\/wp-content\/uploads\/2025\/04\/ChatGPT-Image-14-abr-2025-08_42_38.png","type":"image\/png"}],"author":"Carola L\u00f3pez","twitter_card":"summary_large_image","twitter_misc":{"Verfasst von":"Carola L\u00f3pez","Gesch\u00e4tzte Lesezeit":"3\u00a0Minuten"},"schema":{"@context":"https:\/\/schema.org","@graph":[{"@type":"Article","@id":"https:\/\/www.oliferm.com\/de\/?p=2933#article","isPartOf":{"@id":"https:\/\/www.oliferm.com\/de\/?p=2933"},"author":{"name":"Carola L\u00f3pez","@id":"https:\/\/www.oliferm.com\/#\/schema\/person\/723f902ae2010922288294ed65952a26"},"headline":"Geschichte der Arbequina-Olive (eine kleine Frucht mit gro\u00dfem Erbe)","datePublished":"2025-05-23T15:19:50+00:00","dateModified":"2025-07-22T08:12:45+00:00","mainEntityOfPage":{"@id":"https:\/\/www.oliferm.com\/de\/?p=2933"},"wordCount":578,"commentCount":0,"publisher":{"@id":"https:\/\/www.oliferm.com\/#organization"},"image":{"@id":"https:\/\/www.oliferm.com\/de\/?p=2933#primaryimage"},"thumbnailUrl":"https:\/\/www.oliferm.com\/wp-content\/uploads\/2025\/04\/ChatGPT-Image-14-abr-2025-08_42_38.png","keywords":["Castelldans","Geschichte der Arbequina-Olive","oben","Oliven\u00f6l","Oliven\u00f6lkooperativen Kataloniens"],"articleSection":["Blog"],"inLanguage":"de","potentialAction":[{"@type":"CommentAction","name":"Comment","target":["https:\/\/www.oliferm.com\/de\/?p=2933#respond"]}]},{"@type":"WebPage","@id":"https:\/\/www.oliferm.com\/de\/?p=2933","url":"https:\/\/www.oliferm.com\/de\/?p=2933","name":"Geschichte der Arbequina-Olive (eine kleine Frucht mit gro\u00dfem Erbe) - OliFERM - Oli d&#039;Oliva Verge Extra","isPartOf":{"@id":"https:\/\/www.oliferm.com\/#website"},"primaryImageOfPage":{"@id":"https:\/\/www.oliferm.com\/de\/?p=2933#primaryimage"},"image":{"@id":"https:\/\/www.oliferm.com\/de\/?p=2933#primaryimage"},"thumbnailUrl":"https:\/\/www.oliferm.com\/wp-content\/uploads\/2025\/04\/ChatGPT-Image-14-abr-2025-08_42_38.png","datePublished":"2025-05-23T15:19:50+00:00","dateModified":"2025-07-22T08:12:45+00:00","description":"Entdecken Sie den Ursprung und die Geschichte der Arbequina-Olive, dem kleinen und aromatischen Schatz, der unserem Oliven\u00f6l aus Castelldans Leben einhaucht.","breadcrumb":{"@id":"https:\/\/www.oliferm.com\/de\/?p=2933#breadcrumb"},"inLanguage":"de","potentialAction":[{"@type":"ReadAction","target":["https:\/\/www.oliferm.com\/de\/?p=2933"]}]},{"@type":"ImageObject","inLanguage":"de","@id":"https:\/\/www.oliferm.com\/de\/?p=2933#primaryimage","url":"https:\/\/www.oliferm.com\/wp-content\/uploads\/2025\/04\/ChatGPT-Image-14-abr-2025-08_42_38.png","contentUrl":"https:\/\/www.oliferm.com\/wp-content\/uploads\/2025\/04\/ChatGPT-Image-14-abr-2025-08_42_38.png","width":1024,"height":1024,"caption":"Hist\u00f2ria de l\u2019oliva arbequina"},{"@type":"BreadcrumbList","@id":"https:\/\/www.oliferm.com\/de\/?p=2933#breadcrumb","itemListElement":[{"@type":"ListItem","position":1,"name":"Inici","item":"https:\/\/www.oliferm.com\/de\/"},{"@type":"ListItem","position":2,"name":"Geschichte der Arbequina-Olive (eine kleine Frucht mit gro\u00dfem Erbe)"}]},{"@type":"WebSite","@id":"https:\/\/www.oliferm.com\/#website","url":"https:\/\/www.oliferm.com\/","name":"OliFERM - Oli d&#039;Oliva Verge Extra","description":"Cooperativa de Castelldans","publisher":{"@id":"https:\/\/www.oliferm.com\/#organization"},"potentialAction":[{"@type":"SearchAction","target":{"@type":"EntryPoint","urlTemplate":"https:\/\/www.oliferm.com\/?s={search_term_string}"},"query-input":{"@type":"PropertyValueSpecification","valueRequired":true,"valueName":"search_term_string"}}],"inLanguage":"de"},{"@type":"Organization","@id":"https:\/\/www.oliferm.com\/#organization","name":"OliFERM - Cooperativa de Castelldans","url":"https:\/\/www.oliferm.com\/","logo":{"@type":"ImageObject","inLanguage":"de","@id":"https:\/\/www.oliferm.com\/#\/schema\/logo\/image\/","url":"https:\/\/www.oliferm.com\/wp-content\/uploads\/2022\/02\/logo-ppal.png","contentUrl":"https:\/\/www.oliferm.com\/wp-content\/uploads\/2022\/02\/logo-ppal.png","width":700,"height":542,"caption":"OliFERM - Cooperativa de Castelldans"},"image":{"@id":"https:\/\/www.oliferm.com\/#\/schema\/logo\/image\/"},"sameAs":["https:\/\/www.facebook.com\/oliferm","https:\/\/www.instagram.com\/cooperativacastelldans\/"]},{"@type":"Person","@id":"https:\/\/www.oliferm.com\/#\/schema\/person\/723f902ae2010922288294ed65952a26","name":"Carola L\u00f3pez","image":{"@type":"ImageObject","inLanguage":"de","@id":"https:\/\/secure.gravatar.com\/avatar\/5fe445f9f8c59aea6b1f7126f00fceb51b48c675db117c8bcd06fa16b32664f2?s=96&d=mm&r=g","url":"https:\/\/secure.gravatar.com\/avatar\/5fe445f9f8c59aea6b1f7126f00fceb51b48c675db117c8bcd06fa16b32664f2?s=96&d=mm&r=g","contentUrl":"https:\/\/secure.gravatar.com\/avatar\/5fe445f9f8c59aea6b1f7126f00fceb51b48c675db117c8bcd06fa16b32664f2?s=96&d=mm&r=g","caption":"Carola L\u00f3pez"}}]}},"_links":{"self":[{"href":"https:\/\/www.oliferm.com\/de\/wp-json\/wp\/v2\/posts\/2933","targetHints":{"allow":["GET"]}}],"collection":[{"href":"https:\/\/www.oliferm.com\/de\/wp-json\/wp\/v2\/posts"}],"about":[{"href":"https:\/\/www.oliferm.com\/de\/wp-json\/wp\/v2\/types\/post"}],"author":[{"embeddable":true,"href":"https:\/\/www.oliferm.com\/de\/wp-json\/wp\/v2\/users\/3"}],"replies":[{"embeddable":true,"href":"https:\/\/www.oliferm.com\/de\/wp-json\/wp\/v2\/comments?post=2933"}],"version-history":[{"count":0,"href":"https:\/\/www.oliferm.com\/de\/wp-json\/wp\/v2\/posts\/2933\/revisions"}],"wp:featuredmedia":[{"embeddable":true,"href":"https:\/\/www.oliferm.com\/de\/wp-json\/wp\/v2\/media\/2856"}],"wp:attachment":[{"href":"https:\/\/www.oliferm.com\/de\/wp-json\/wp\/v2\/media?parent=2933"}],"wp:term":[{"taxonomy":"category","embeddable":true,"href":"https:\/\/www.oliferm.com\/de\/wp-json\/wp\/v2\/categories?post=2933"},{"taxonomy":"post_tag","embeddable":true,"href":"https:\/\/www.oliferm.com\/de\/wp-json\/wp\/v2\/tags?post=2933"}],"curies":[{"name":"wp","href":"https:\/\/api.w.org\/{rel}","templated":true}]}}