{"id":2976,"date":"2025-05-23T15:21:23","date_gmt":"2025-05-23T15:21:23","guid":{"rendered":"https:\/\/www.oliferm.com\/die-reise-der-arbequina-olive-vom-olivenbaum-auf-ihren-tisch\/"},"modified":"2025-07-22T08:12:45","modified_gmt":"2025-07-22T08:12:45","slug":"die-reise-der-arbequina-olive-vom-olivenbaum-auf-ihren-tisch","status":"publish","type":"post","link":"https:\/\/www.oliferm.com\/de\/die-reise-der-arbequina-olive-vom-olivenbaum-auf-ihren-tisch\/","title":{"rendered":"Die Reise der Arbequina-Olive (Vom Olivenbaum auf Ihren Tisch)"},"content":{"rendered":"<p>Im Herzen der Region, zwischen goldenen T\u00e4lern und majest\u00e4tischen Obstb\u00e4umen, liegt die Heimat eines gastronomischen Schatzes: der Arbequina-Olive. Seit jeher ist dieses kleine gr\u00fcne Juwel die Essenz unseres Landes, ein Symbol der Leidenschaft und Tradition, das Generationen \u00fcberdauert. <\/p>\n<p>Und bei <strong>OliFERM<\/strong> produzieren wir nicht nur Oliven\u00f6l, sondern wir schreiben auch Geschichten. Jeder Schritt des Produktionsprozesses ist ein Kapitel in der Reise der Arbequina-Olive, eine Liebesgeschichte zwischen dem Land und dem Gaumen. M\u00f6chten Sie diese spannende Reise gemeinsam mit uns antreten? Dann begleiten Sie uns von den Olivenb\u00e4umen bis auf Ihren Tisch!   <\/p>\n<p><img loading=\"lazy\" decoding=\"async\" class=\"wp-image-1203 alignright\" src=\"https:\/\/www.oliferm.com\/wp-content\/uploads\/2024\/02\/1-300x300.png\" alt=\"Arbequina-Olive\" width=\"289\" height=\"289\" srcset=\"https:\/\/www.oliferm.com\/wp-content\/uploads\/2024\/02\/1-300x300.png 300w, https:\/\/www.oliferm.com\/wp-content\/uploads\/2024\/02\/1-150x150.png 150w, https:\/\/www.oliferm.com\/wp-content\/uploads\/2024\/02\/1-100x100.png 100w, https:\/\/www.oliferm.com\/wp-content\/uploads\/2024\/02\/1.png 600w\" sizes=\"auto, (max-width: 289px) 100vw, 289px\" \/><\/p>\n<p>&nbsp;<\/p>\n<h2>Heimische Wurzeln der Arbequina-Olive.<\/h2>\n<p>Hier, auf den Feldern von Castelldans und Umgebung, beginnt die Geschichte unseres \u00d6ls, hier streichelt die Sonne kraftvoll die Bl\u00e4tter der Olivenb\u00e4ume und der Wind fl\u00fcstert uralte Geheimnisse. Hier, im trockenen Land von Lleida, finden unsere Arbequina-Oliven ihre Heimat, mit unzerst\u00f6rbarer Kraft in der Erde verwurzelt. Jeder Baum ist Zeuge jahrelanger Geschichte, von K\u00e4mpfen und Triumphen, reichlichen Ernten und \u00fcberwundenen Herausforderungen.  <\/p>\n<h2>Sorgfalt und Leidenschaft<\/h2>\n<p>&nbsp;<\/p>\n<p>Mit erfahrenen H\u00e4nden und leidenschaftlichen Herzen sind unsere Landwirte die H\u00fcter dieses Landes und Besch\u00fctzer seiner gr\u00fcnen Sch\u00e4tze. Sie pflegen jeden Olivenbaum mit der Liebe und dem Respekt, die er verdient. Vom Beschneiden bis zur Ernte wird jeder Schritt mit pr durchgef\u00fchrt  <\/p>\n<p>Entschlossenheit und Hingabe, um sicherzustellen, dass jede Olive ihr maximales Potenzial erreicht.<\/p>\n<h2>Von der M\u00fchle auf Ihren Tisch<\/h2>\n<p><img loading=\"lazy\" decoding=\"async\" class=\"size-medium wp-image-1223 alignright\" src=\"https:\/\/www.oliferm.com\/wp-content\/uploads\/2024\/02\/5-300x300.png\" alt=\"Arbequina-Oliven\u00f6l -oliFerm-\u00d6l\" width=\"300\" height=\"300\" srcset=\"https:\/\/www.oliferm.com\/wp-content\/uploads\/2024\/02\/5-300x300.png 300w, https:\/\/www.oliferm.com\/wp-content\/uploads\/2024\/02\/5-150x150.png 150w, https:\/\/www.oliferm.com\/wp-content\/uploads\/2024\/02\/5-100x100.png 100w, https:\/\/www.oliferm.com\/wp-content\/uploads\/2024\/02\/5.png 600w\" sizes=\"auto, (max-width: 300px) 100vw, 300px\" \/><\/p>\n<p>So erreichen wir endlich den lang ersehnten Moment, wenn der Duft von frischem \u00d6l die Luft erf\u00fcllt und die gl\u00e4nzenden Flaschen darauf warten, entdeckt zu werden. Jeder Tropfen unseres Arbequina EVOO ist eine Hommage an das Land, in dem es geboren wurde, ein Versprechen unvergleichlicher Qualit\u00e4t und Geschmacks. Vom ersten Geschmack bis zum letzten Seufzer der Zufriedenheit ist jedes Erlebnis eine Feier des Lebens und der Liebe zu gutem Essen.  <\/p>\n<h2>Ein neuer Anfang<\/h2>\n<p>Die Reise der Arbequina endet nie. Mit jeder Ernte, mit jeder Flasche beginnt ein neues Kapitel seiner Geschichte. Bei <strong>OliFERM<\/strong> haben wir uns verpflichtet, diese Geschichte mit Leidenschaft und Exzellenz weiterzuschreiben, unsere Wurzeln zu ehren und mit Hoffnung und Entschlossenheit in die Zukunft zu blicken.  <\/p>\n<p>Sind Sie bereit, uns auf dieser unvergesslichen Reise zu begleiten? Dann lassen Sie sich vom einzigartigen Geschmack der Arbequina-Olive von <strong>OliFERM<\/strong> verzaubern! <\/p>\n<p>Bestellen Sie jetzt und profitieren Sie vom kostenlosen Versand!<\/p>\n<p>&nbsp;<\/p>\n","protected":false},"excerpt":{"rendered":"<p>Im Herzen der Region, zwischen goldenen T\u00e4lern und majest\u00e4tischen Obstb\u00e4umen, liegt die Heimat eines gastronomischen Schatzes: der Arbequina-Olive. Seit jeher ist dieses kleine gr\u00fcne Juwel die Essenz unseres Landes, ein Symbol der Leidenschaft und Tradition, das Generationen \u00fcberdauert. Und bei OliFERM produzieren wir nicht nur Oliven\u00f6l, sondern wir schreiben auch Geschichten. Jeder Schritt des Produktionsprozesses [&hellip;]<\/p>\n","protected":false},"author":3,"featured_media":1207,"comment_status":"open","ping_status":"open","sticky":false,"template":"","format":"standard","meta":{"_acf_changed":false,"footnotes":""},"categories":[102],"tags":[],"class_list":["post-2976","post","type-post","status-publish","format-standard","has-post-thumbnail","hentry","category-blog-de"],"acf":[],"yoast_head":"<!-- This site is optimized with the Yoast SEO plugin v27.5 - https:\/\/yoast.com\/product\/yoast-seo-wordpress\/ -->\n<title>Oliva Arbequina - OliFERM - Oli d&#039;Oliva Verge Extra<\/title>\n<meta name=\"description\" content=\"M\u00f6gen Sie den einzigartigen Geschmack der Arbequina-Olive? Entdecken Sie es in jedem Tropfen OliFERM \ud83c\udf3f \ud83d\udc68\u200d\ud83c\udf3e 973 12 00 22 - 626 60 27 44\" \/>\n<meta name=\"robots\" content=\"noindex, follow\" \/>\n<meta property=\"og:locale\" content=\"de_DE\" \/>\n<meta property=\"og:type\" content=\"article\" \/>\n<meta property=\"og:title\" content=\"Oliva Arbequina - OliFERM - Oli d&#039;Oliva Verge Extra\" \/>\n<meta property=\"og:description\" content=\"M\u00f6gen Sie den einzigartigen Geschmack der Arbequina-Olive? Entdecken Sie es in jedem Tropfen OliFERM \ud83c\udf3f \ud83d\udc68\u200d\ud83c\udf3e 973 12 00 22 - 626 60 27 44\" \/>\n<meta property=\"og:url\" content=\"https:\/\/www.oliferm.com\/de\/?p=2976\" \/>\n<meta property=\"og:site_name\" content=\"OliFERM - Oli d&#039;Oliva Verge Extra\" \/>\n<meta property=\"article:publisher\" content=\"https:\/\/www.facebook.com\/oliferm\" \/>\n<meta property=\"article:published_time\" content=\"2025-05-23T15:21:23+00:00\" \/>\n<meta property=\"article:modified_time\" content=\"2025-07-22T08:12:45+00:00\" \/>\n<meta property=\"og:image\" content=\"https:\/\/www.oliferm.com\/wp-content\/uploads\/2024\/02\/1.png\" \/>\n\t<meta property=\"og:image:width\" content=\"600\" \/>\n\t<meta property=\"og:image:height\" content=\"600\" \/>\n\t<meta property=\"og:image:type\" content=\"image\/png\" \/>\n<meta name=\"author\" content=\"Carola L\u00f3pez\" \/>\n<meta name=\"twitter:card\" content=\"summary_large_image\" \/>\n<meta name=\"twitter:label1\" content=\"Verfasst von\" \/>\n\t<meta name=\"twitter:data1\" content=\"Carola L\u00f3pez\" \/>\n\t<meta name=\"twitter:label2\" content=\"Gesch\u00e4tzte Lesezeit\" \/>\n\t<meta name=\"twitter:data2\" content=\"2\u00a0Minuten\" \/>\n<!-- \/ Yoast SEO plugin. -->","yoast_head_json":{"title":"Oliva Arbequina - OliFERM - Oli d&#039;Oliva Verge Extra","description":"M\u00f6gen Sie den einzigartigen Geschmack der Arbequina-Olive? Entdecken Sie es in jedem Tropfen OliFERM \ud83c\udf3f \ud83d\udc68\u200d\ud83c\udf3e 973 12 00 22 - 626 60 27 44","robots":{"index":"noindex","follow":"follow"},"og_locale":"de_DE","og_type":"article","og_title":"Oliva Arbequina - OliFERM - Oli d&#039;Oliva Verge Extra","og_description":"M\u00f6gen Sie den einzigartigen Geschmack der Arbequina-Olive? Entdecken Sie es in jedem Tropfen OliFERM \ud83c\udf3f \ud83d\udc68\u200d\ud83c\udf3e 973 12 00 22 - 626 60 27 44","og_url":"https:\/\/www.oliferm.com\/de\/?p=2976","og_site_name":"OliFERM - Oli d&#039;Oliva Verge Extra","article_publisher":"https:\/\/www.facebook.com\/oliferm","article_published_time":"2025-05-23T15:21:23+00:00","article_modified_time":"2025-07-22T08:12:45+00:00","og_image":[{"width":600,"height":600,"url":"https:\/\/www.oliferm.com\/wp-content\/uploads\/2024\/02\/1.png","type":"image\/png"}],"author":"Carola L\u00f3pez","twitter_card":"summary_large_image","twitter_misc":{"Verfasst von":"Carola L\u00f3pez","Gesch\u00e4tzte Lesezeit":"2\u00a0Minuten"},"schema":{"@context":"https:\/\/schema.org","@graph":[{"@type":"Article","@id":"https:\/\/www.oliferm.com\/de\/?p=2976#article","isPartOf":{"@id":"https:\/\/www.oliferm.com\/de\/?p=2976"},"author":{"name":"Carola L\u00f3pez","@id":"https:\/\/www.oliferm.com\/#\/schema\/person\/723f902ae2010922288294ed65952a26"},"headline":"Die Reise der Arbequina-Olive (Vom Olivenbaum auf Ihren Tisch)","datePublished":"2025-05-23T15:21:23+00:00","dateModified":"2025-07-22T08:12:45+00:00","mainEntityOfPage":{"@id":"https:\/\/www.oliferm.com\/de\/?p=2976"},"wordCount":402,"commentCount":0,"publisher":{"@id":"https:\/\/www.oliferm.com\/#organization"},"image":{"@id":"https:\/\/www.oliferm.com\/de\/?p=2976#primaryimage"},"thumbnailUrl":"https:\/\/www.oliferm.com\/wp-content\/uploads\/2024\/02\/1.png","articleSection":["Blog"],"inLanguage":"de","potentialAction":[{"@type":"CommentAction","name":"Comment","target":["https:\/\/www.oliferm.com\/de\/?p=2976#respond"]}]},{"@type":"WebPage","@id":"https:\/\/www.oliferm.com\/de\/?p=2976","url":"https:\/\/www.oliferm.com\/de\/?p=2976","name":"Oliva Arbequina - OliFERM - Oli d&#039;Oliva Verge Extra","isPartOf":{"@id":"https:\/\/www.oliferm.com\/#website"},"primaryImageOfPage":{"@id":"https:\/\/www.oliferm.com\/de\/?p=2976#primaryimage"},"image":{"@id":"https:\/\/www.oliferm.com\/de\/?p=2976#primaryimage"},"thumbnailUrl":"https:\/\/www.oliferm.com\/wp-content\/uploads\/2024\/02\/1.png","datePublished":"2025-05-23T15:21:23+00:00","dateModified":"2025-07-22T08:12:45+00:00","description":"M\u00f6gen Sie den einzigartigen Geschmack der Arbequina-Olive? Entdecken Sie es in jedem Tropfen OliFERM \ud83c\udf3f \ud83d\udc68\u200d\ud83c\udf3e 973 12 00 22 - 626 60 27 44","breadcrumb":{"@id":"https:\/\/www.oliferm.com\/de\/?p=2976#breadcrumb"},"inLanguage":"de","potentialAction":[{"@type":"ReadAction","target":["https:\/\/www.oliferm.com\/de\/?p=2976"]}]},{"@type":"ImageObject","inLanguage":"de","@id":"https:\/\/www.oliferm.com\/de\/?p=2976#primaryimage","url":"https:\/\/www.oliferm.com\/wp-content\/uploads\/2024\/02\/1.png","contentUrl":"https:\/\/www.oliferm.com\/wp-content\/uploads\/2024\/02\/1.png","width":600,"height":600,"caption":"aceituna Arbequina"},{"@type":"BreadcrumbList","@id":"https:\/\/www.oliferm.com\/de\/?p=2976#breadcrumb","itemListElement":[{"@type":"ListItem","position":1,"name":"Inici","item":"https:\/\/www.oliferm.com\/de\/"},{"@type":"ListItem","position":2,"name":"Die Reise der Arbequina-Olive (Vom Olivenbaum auf Ihren Tisch)"}]},{"@type":"WebSite","@id":"https:\/\/www.oliferm.com\/#website","url":"https:\/\/www.oliferm.com\/","name":"OliFERM - Oli d&#039;Oliva Verge Extra","description":"Cooperativa de Castelldans","publisher":{"@id":"https:\/\/www.oliferm.com\/#organization"},"potentialAction":[{"@type":"SearchAction","target":{"@type":"EntryPoint","urlTemplate":"https:\/\/www.oliferm.com\/?s={search_term_string}"},"query-input":{"@type":"PropertyValueSpecification","valueRequired":true,"valueName":"search_term_string"}}],"inLanguage":"de"},{"@type":"Organization","@id":"https:\/\/www.oliferm.com\/#organization","name":"OliFERM - Cooperativa de Castelldans","url":"https:\/\/www.oliferm.com\/","logo":{"@type":"ImageObject","inLanguage":"de","@id":"https:\/\/www.oliferm.com\/#\/schema\/logo\/image\/","url":"https:\/\/www.oliferm.com\/wp-content\/uploads\/2022\/02\/logo-ppal.png","contentUrl":"https:\/\/www.oliferm.com\/wp-content\/uploads\/2022\/02\/logo-ppal.png","width":700,"height":542,"caption":"OliFERM - Cooperativa de Castelldans"},"image":{"@id":"https:\/\/www.oliferm.com\/#\/schema\/logo\/image\/"},"sameAs":["https:\/\/www.facebook.com\/oliferm","https:\/\/www.instagram.com\/cooperativacastelldans\/"]},{"@type":"Person","@id":"https:\/\/www.oliferm.com\/#\/schema\/person\/723f902ae2010922288294ed65952a26","name":"Carola L\u00f3pez","image":{"@type":"ImageObject","inLanguage":"de","@id":"https:\/\/secure.gravatar.com\/avatar\/5fe445f9f8c59aea6b1f7126f00fceb51b48c675db117c8bcd06fa16b32664f2?s=96&d=mm&r=g","url":"https:\/\/secure.gravatar.com\/avatar\/5fe445f9f8c59aea6b1f7126f00fceb51b48c675db117c8bcd06fa16b32664f2?s=96&d=mm&r=g","contentUrl":"https:\/\/secure.gravatar.com\/avatar\/5fe445f9f8c59aea6b1f7126f00fceb51b48c675db117c8bcd06fa16b32664f2?s=96&d=mm&r=g","caption":"Carola L\u00f3pez"}}]}},"_links":{"self":[{"href":"https:\/\/www.oliferm.com\/de\/wp-json\/wp\/v2\/posts\/2976","targetHints":{"allow":["GET"]}}],"collection":[{"href":"https:\/\/www.oliferm.com\/de\/wp-json\/wp\/v2\/posts"}],"about":[{"href":"https:\/\/www.oliferm.com\/de\/wp-json\/wp\/v2\/types\/post"}],"author":[{"embeddable":true,"href":"https:\/\/www.oliferm.com\/de\/wp-json\/wp\/v2\/users\/3"}],"replies":[{"embeddable":true,"href":"https:\/\/www.oliferm.com\/de\/wp-json\/wp\/v2\/comments?post=2976"}],"version-history":[{"count":0,"href":"https:\/\/www.oliferm.com\/de\/wp-json\/wp\/v2\/posts\/2976\/revisions"}],"wp:featuredmedia":[{"embeddable":true,"href":"https:\/\/www.oliferm.com\/de\/wp-json\/wp\/v2\/media\/1207"}],"wp:attachment":[{"href":"https:\/\/www.oliferm.com\/de\/wp-json\/wp\/v2\/media?parent=2976"}],"wp:term":[{"taxonomy":"category","embeddable":true,"href":"https:\/\/www.oliferm.com\/de\/wp-json\/wp\/v2\/categories?post=2976"},{"taxonomy":"post_tag","embeddable":true,"href":"https:\/\/www.oliferm.com\/de\/wp-json\/wp\/v2\/tags?post=2976"}],"curies":[{"name":"wp","href":"https:\/\/api.w.org\/{rel}","templated":true}]}}