{"id":564,"date":"2023-02-18T09:36:15","date_gmt":"2023-02-18T09:36:15","guid":{"rendered":"https:\/\/www.oliferm.com\/natives-olivenoel-extra\/"},"modified":"2025-07-22T08:12:09","modified_gmt":"2025-07-22T08:12:09","slug":"natives-olivenoel-extra","status":"publish","type":"post","link":"https:\/\/www.oliferm.com\/de\/natives-olivenoel-extra\/","title":{"rendered":"Natives Oliven\u00f6l extra"},"content":{"rendered":"<div class=\"woocommerce columns-4 \"><ul class=\"products columns-4\">\n<li class=\"product type-product post-606 status-publish first instock product_cat-natives-olivenol-extra product_tag-evoo-de product_tag-llauna-3l-de product_tag-olivenol-de has-post-thumbnail taxable shipping-taxable purchasable product-type-simple\">\n\t<a href=\"https:\/\/www.oliferm.com\/de\/producte\/3l-kanne-neu\/\" class=\"woocommerce-LoopProduct-link woocommerce-loop-product__link\"><img loading=\"lazy\" decoding=\"async\" width=\"600\" height=\"600\" src=\"https:\/\/www.oliferm.com\/wp-content\/uploads\/2024\/01\/3l-600x600.png\" class=\"attachment-woocommerce_thumbnail size-woocommerce_thumbnail\" alt=\"OliFERM 3l Kanister\" srcset=\"https:\/\/www.oliferm.com\/wp-content\/uploads\/2024\/01\/3l-600x600.png 600w, https:\/\/www.oliferm.com\/wp-content\/uploads\/2024\/01\/3l-300x300.png 300w, https:\/\/www.oliferm.com\/wp-content\/uploads\/2024\/01\/3l-1024x1024.png 1024w, https:\/\/www.oliferm.com\/wp-content\/uploads\/2024\/01\/3l-150x150.png 150w, https:\/\/www.oliferm.com\/wp-content\/uploads\/2024\/01\/3l-768x768.png 768w, https:\/\/www.oliferm.com\/wp-content\/uploads\/2024\/01\/3l-100x100.png 100w, https:\/\/www.oliferm.com\/wp-content\/uploads\/2024\/01\/3l.png 1080w\" sizes=\"auto, (max-width: 600px) 100vw, 600px\" \/><h2 class=\"woocommerce-loop-product__title\">3L-Kanister<\/h2>\n\t<span class=\"price\"><span class=\"woocommerce-Price-amount amount\"><bdi>29,50&nbsp;<span class=\"woocommerce-Price-currencySymbol\">&euro;<\/span><\/bdi><\/span> <small class=\"woocommerce-price-suffix\">IVA incl.<\/small><\/span>\n<\/a><a href=\"\/de\/wp-json\/wp\/v2\/posts\/564?add-to-cart=606\" aria-describedby=\"woocommerce_loop_add_to_cart_link_describedby_606\" data-quantity=\"1\" class=\"button product_type_simple add_to_cart_button ajax_add_to_cart\" data-product_id=\"606\" data-product_sku=\"\" aria-label=\"In den Warenkorb legen: \u201e3L-Kanister\u201c\" rel=\"nofollow\" data-success_message=\"\u201e3L-Kanister\u201c wurde deinem Warenkorb hinzugef\u00fcgt\">In den Warenkorb<\/a>\t<span id=\"woocommerce_loop_add_to_cart_link_describedby_606\" class=\"screen-reader-text\">\n\t\t\t<\/span>\n<\/li>\n<li class=\"product type-product post-605 status-publish instock product_cat-natives-olivenol-extra has-post-thumbnail taxable shipping-taxable purchasable product-type-simple\">\n\t<a href=\"https:\/\/www.oliferm.com\/de\/producte\/5l-kanister-neu\/\" class=\"woocommerce-LoopProduct-link woocommerce-loop-product__link\"><img loading=\"lazy\" decoding=\"async\" width=\"600\" height=\"600\" src=\"https:\/\/www.oliferm.com\/wp-content\/uploads\/2024\/01\/5l-600x600.png\" class=\"attachment-woocommerce_thumbnail size-woocommerce_thumbnail\" alt=\"OliFERM 5l Kanister\" srcset=\"https:\/\/www.oliferm.com\/wp-content\/uploads\/2024\/01\/5l-600x600.png 600w, https:\/\/www.oliferm.com\/wp-content\/uploads\/2024\/01\/5l-300x300.png 300w, https:\/\/www.oliferm.com\/wp-content\/uploads\/2024\/01\/5l-1024x1024.png 1024w, https:\/\/www.oliferm.com\/wp-content\/uploads\/2024\/01\/5l-150x150.png 150w, https:\/\/www.oliferm.com\/wp-content\/uploads\/2024\/01\/5l-768x768.png 768w, https:\/\/www.oliferm.com\/wp-content\/uploads\/2024\/01\/5l-100x100.png 100w, https:\/\/www.oliferm.com\/wp-content\/uploads\/2024\/01\/5l.png 1080w\" sizes=\"auto, (max-width: 600px) 100vw, 600px\" \/><h2 class=\"woocommerce-loop-product__title\">5L Kanister<\/h2>\n\t<span class=\"price\"><span class=\"woocommerce-Price-amount amount\"><bdi>46,00&nbsp;<span class=\"woocommerce-Price-currencySymbol\">&euro;<\/span><\/bdi><\/span> <small class=\"woocommerce-price-suffix\">IVA incl.<\/small><\/span>\n<\/a><a href=\"\/de\/wp-json\/wp\/v2\/posts\/564?add-to-cart=605\" aria-describedby=\"woocommerce_loop_add_to_cart_link_describedby_605\" data-quantity=\"1\" class=\"button product_type_simple add_to_cart_button ajax_add_to_cart\" data-product_id=\"605\" data-product_sku=\"\" aria-label=\"In den Warenkorb legen: \u201e5L Kanister\u201c\" rel=\"nofollow\" data-success_message=\"\u201e5L Kanister\u201c wurde deinem Warenkorb hinzugef\u00fcgt\">In den Warenkorb<\/a>\t<span id=\"woocommerce_loop_add_to_cart_link_describedby_605\" class=\"screen-reader-text\">\n\t\t\t<\/span>\n<\/li>\n<li class=\"product type-product post-614 status-publish instock product_cat-natives-olivenol-extra has-post-thumbnail taxable shipping-taxable purchasable product-type-simple\">\n\t<a href=\"https:\/\/www.oliferm.com\/de\/producte\/flasche-250ml-oliferm\/\" class=\"woocommerce-LoopProduct-link woocommerce-loop-product__link\"><img loading=\"lazy\" decoding=\"async\" width=\"600\" height=\"600\" src=\"https:\/\/www.oliferm.com\/wp-content\/uploads\/2022\/02\/11-600x600.jpg\" class=\"attachment-woocommerce_thumbnail size-woocommerce_thumbnail\" alt=\"Oliferm 250ml Glasflasche\" srcset=\"https:\/\/www.oliferm.com\/wp-content\/uploads\/2022\/02\/11-600x600.jpg 600w, https:\/\/www.oliferm.com\/wp-content\/uploads\/2022\/02\/11-100x100.jpg 100w, https:\/\/www.oliferm.com\/wp-content\/uploads\/2022\/02\/11-300x300.jpg 300w, https:\/\/www.oliferm.com\/wp-content\/uploads\/2022\/02\/11-1024x1024.jpg 1024w, https:\/\/www.oliferm.com\/wp-content\/uploads\/2022\/02\/11-150x150.jpg 150w, https:\/\/www.oliferm.com\/wp-content\/uploads\/2022\/02\/11-768x768.jpg 768w, https:\/\/www.oliferm.com\/wp-content\/uploads\/2022\/02\/11.jpg 1080w\" sizes=\"auto, (max-width: 600px) 100vw, 600px\" \/><h2 class=\"woocommerce-loop-product__title\">250ML-Flasche OliFERM<\/h2>\n\t<span class=\"price\"><span class=\"woocommerce-Price-amount amount\"><bdi>5,00&nbsp;<span class=\"woocommerce-Price-currencySymbol\">&euro;<\/span><\/bdi><\/span> <small class=\"woocommerce-price-suffix\">IVA incl.<\/small><\/span>\n<\/a><a href=\"\/de\/wp-json\/wp\/v2\/posts\/564?add-to-cart=614\" aria-describedby=\"woocommerce_loop_add_to_cart_link_describedby_614\" data-quantity=\"1\" class=\"button product_type_simple add_to_cart_button ajax_add_to_cart\" data-product_id=\"614\" data-product_sku=\"\" aria-label=\"In den Warenkorb legen: \u201e250ML-Flasche OliFERM\u201c\" rel=\"nofollow\" data-success_message=\"\u201e250ML-Flasche OliFERM\u201c wurde deinem Warenkorb hinzugef\u00fcgt\">In den Warenkorb<\/a>\t<span id=\"woocommerce_loop_add_to_cart_link_describedby_614\" class=\"screen-reader-text\">\n\t\t\t<\/span>\n<\/li>\n<li class=\"product type-product post-613 status-publish last instock product_cat-natives-olivenol-extra has-post-thumbnail taxable shipping-taxable purchasable product-type-simple\">\n\t<a href=\"https:\/\/www.oliferm.com\/de\/producte\/flasche-500ml-oliferm\/\" class=\"woocommerce-LoopProduct-link woocommerce-loop-product__link\"><img loading=\"lazy\" decoding=\"async\" width=\"600\" height=\"600\" src=\"https:\/\/www.oliferm.com\/wp-content\/uploads\/2022\/02\/12-600x600.jpg\" class=\"attachment-woocommerce_thumbnail size-woocommerce_thumbnail\" alt=\"Oliferm 250ml Glasflasche\" srcset=\"https:\/\/www.oliferm.com\/wp-content\/uploads\/2022\/02\/12-600x600.jpg 600w, https:\/\/www.oliferm.com\/wp-content\/uploads\/2022\/02\/12-100x100.jpg 100w, https:\/\/www.oliferm.com\/wp-content\/uploads\/2022\/02\/12-150x150.jpg 150w\" sizes=\"auto, (max-width: 600px) 100vw, 600px\" \/><h2 class=\"woocommerce-loop-product__title\">500ML Flasche OliFERM<\/h2>\n\t<span class=\"price\"><span class=\"woocommerce-Price-amount amount\"><bdi>8,00&nbsp;<span class=\"woocommerce-Price-currencySymbol\">&euro;<\/span><\/bdi><\/span> <small class=\"woocommerce-price-suffix\">IVA incl.<\/small><\/span>\n<\/a><a href=\"\/de\/wp-json\/wp\/v2\/posts\/564?add-to-cart=613\" aria-describedby=\"woocommerce_loop_add_to_cart_link_describedby_613\" data-quantity=\"1\" class=\"button product_type_simple add_to_cart_button ajax_add_to_cart\" data-product_id=\"613\" data-product_sku=\"\" aria-label=\"In den Warenkorb legen: \u201e500ML Flasche OliFERM\u201c\" rel=\"nofollow\" data-success_message=\"\u201e500ML Flasche OliFERM\u201c wurde deinem Warenkorb hinzugef\u00fcgt\">In den Warenkorb<\/a>\t<span id=\"woocommerce_loop_add_to_cart_link_describedby_613\" class=\"screen-reader-text\">\n\t\t\t<\/span>\n<\/li>\n<li class=\"product type-product post-612 status-publish first instock product_cat-natives-olivenol-extra has-post-thumbnail taxable shipping-taxable purchasable product-type-simple\">\n\t<a href=\"https:\/\/www.oliferm.com\/de\/producte\/flasche-750ml-oliferm\/\" class=\"woocommerce-LoopProduct-link woocommerce-loop-product__link\"><img loading=\"lazy\" decoding=\"async\" width=\"600\" height=\"600\" src=\"https:\/\/www.oliferm.com\/wp-content\/uploads\/2022\/02\/13-600x600.jpg\" class=\"attachment-woocommerce_thumbnail size-woocommerce_thumbnail\" alt=\"Oliferm 250ml Glasflasche\" srcset=\"https:\/\/www.oliferm.com\/wp-content\/uploads\/2022\/02\/13-600x600.jpg 600w, https:\/\/www.oliferm.com\/wp-content\/uploads\/2022\/02\/13-100x100.jpg 100w, https:\/\/www.oliferm.com\/wp-content\/uploads\/2022\/02\/13-150x150.jpg 150w\" sizes=\"auto, (max-width: 600px) 100vw, 600px\" \/><h2 class=\"woocommerce-loop-product__title\">750ML-Flasche OliFERM<\/h2>\n\t<span class=\"price\"><span class=\"woocommerce-Price-amount amount\"><bdi>9,00&nbsp;<span class=\"woocommerce-Price-currencySymbol\">&euro;<\/span><\/bdi><\/span> <small class=\"woocommerce-price-suffix\">IVA incl.<\/small><\/span>\n<\/a><a href=\"\/de\/wp-json\/wp\/v2\/posts\/564?add-to-cart=612\" aria-describedby=\"woocommerce_loop_add_to_cart_link_describedby_612\" data-quantity=\"1\" class=\"button product_type_simple add_to_cart_button ajax_add_to_cart\" data-product_id=\"612\" data-product_sku=\"\" aria-label=\"In den Warenkorb legen: \u201e750ML-Flasche OliFERM\u201c\" rel=\"nofollow\" data-success_message=\"\u201e750ML-Flasche OliFERM\u201c wurde deinem Warenkorb hinzugef\u00fcgt\">In den Warenkorb<\/a>\t<span id=\"woocommerce_loop_add_to_cart_link_describedby_612\" class=\"screen-reader-text\">\n\t\t\t<\/span>\n<\/li>\n<li class=\"product type-product post-615 status-publish instock product_cat-natives-olivenol-extra has-post-thumbnail taxable shipping-taxable purchasable product-type-simple\">\n\t<a href=\"https:\/\/www.oliferm.com\/de\/producte\/oliferm-premium-flasche\/\" class=\"woocommerce-LoopProduct-link woocommerce-loop-product__link\"><img loading=\"lazy\" decoding=\"async\" width=\"600\" height=\"600\" src=\"https:\/\/www.oliferm.com\/wp-content\/uploads\/2022\/02\/10-600x600.jpg\" class=\"attachment-woocommerce_thumbnail size-woocommerce_thumbnail\" alt=\"Oliferm Limited Edition wei\u00dfe Flasche\" srcset=\"https:\/\/www.oliferm.com\/wp-content\/uploads\/2022\/02\/10-600x600.jpg 600w, https:\/\/www.oliferm.com\/wp-content\/uploads\/2022\/02\/10-100x100.jpg 100w, https:\/\/www.oliferm.com\/wp-content\/uploads\/2022\/02\/10-300x300.jpg 300w, https:\/\/www.oliferm.com\/wp-content\/uploads\/2022\/02\/10-1024x1024.jpg 1024w, https:\/\/www.oliferm.com\/wp-content\/uploads\/2022\/02\/10-150x150.jpg 150w, https:\/\/www.oliferm.com\/wp-content\/uploads\/2022\/02\/10-768x768.jpg 768w, https:\/\/www.oliferm.com\/wp-content\/uploads\/2022\/02\/10.jpg 1080w\" sizes=\"auto, (max-width: 600px) 100vw, 600px\" \/><h2 class=\"woocommerce-loop-product__title\">PREMIUM OliFERM-Flasche 500 ml<\/h2>\n\t<span class=\"price\"><span class=\"woocommerce-Price-amount amount\"><bdi>15,00&nbsp;<span class=\"woocommerce-Price-currencySymbol\">&euro;<\/span><\/bdi><\/span> <small class=\"woocommerce-price-suffix\">IVA incl.<\/small><\/span>\n<\/a><a href=\"\/de\/wp-json\/wp\/v2\/posts\/564?add-to-cart=615\" aria-describedby=\"woocommerce_loop_add_to_cart_link_describedby_615\" data-quantity=\"1\" class=\"button product_type_simple add_to_cart_button ajax_add_to_cart\" data-product_id=\"615\" data-product_sku=\"\" aria-label=\"In den Warenkorb legen: \u201ePREMIUM OliFERM-Flasche 500 ml\u201c\" rel=\"nofollow\" data-success_message=\"\u201ePREMIUM OliFERM-Flasche 500 ml\u201c wurde deinem Warenkorb hinzugef\u00fcgt\">In den Warenkorb<\/a>\t<span id=\"woocommerce_loop_add_to_cart_link_describedby_615\" class=\"screen-reader-text\">\n\t\t\t<\/span>\n<\/li>\n<li class=\"product type-product post-1116 status-publish instock product_cat-natives-olivenol-extra product_tag-evoo-de product_tag-extra-native-qualitat product_tag-olivenol has-post-thumbnail taxable shipping-taxable purchasable product-type-simple\">\n\t<a href=\"https:\/\/www.oliferm.com\/de\/producte\/2l-oliferm-flasche-copia\/\" class=\"woocommerce-LoopProduct-link woocommerce-loop-product__link\"><img loading=\"lazy\" decoding=\"async\" width=\"600\" height=\"600\" src=\"https:\/\/www.oliferm.com\/wp-content\/uploads\/2024\/01\/BOT.-1-L-1-600x600.jpg\" class=\"attachment-woocommerce_thumbnail size-woocommerce_thumbnail\" alt=\"1L Oliferm Plastikflasche\" srcset=\"https:\/\/www.oliferm.com\/wp-content\/uploads\/2024\/01\/BOT.-1-L-1-600x600.jpg 600w, https:\/\/www.oliferm.com\/wp-content\/uploads\/2024\/01\/BOT.-1-L-1-150x150.jpg 150w, https:\/\/www.oliferm.com\/wp-content\/uploads\/2024\/01\/BOT.-1-L-1-100x100.jpg 100w\" sizes=\"auto, (max-width: 600px) 100vw, 600px\" \/><h2 class=\"woocommerce-loop-product__title\">1L OliFERM-Pet-Flasche<\/h2>\n\t<span class=\"price\"><span class=\"woocommerce-Price-amount amount\"><bdi>9,50&nbsp;<span class=\"woocommerce-Price-currencySymbol\">&euro;<\/span><\/bdi><\/span> <small class=\"woocommerce-price-suffix\">IVA incl.<\/small><\/span>\n<\/a><a href=\"\/de\/wp-json\/wp\/v2\/posts\/564?add-to-cart=1116\" aria-describedby=\"woocommerce_loop_add_to_cart_link_describedby_1116\" data-quantity=\"1\" class=\"button product_type_simple add_to_cart_button ajax_add_to_cart\" data-product_id=\"1116\" data-product_sku=\"\" aria-label=\"In den Warenkorb legen: \u201e1L OliFERM-Pet-Flasche\u201c\" rel=\"nofollow\" data-success_message=\"\u201e1L OliFERM-Pet-Flasche\u201c wurde deinem Warenkorb hinzugef\u00fcgt\">In den Warenkorb<\/a>\t<span id=\"woocommerce_loop_add_to_cart_link_describedby_1116\" class=\"screen-reader-text\">\n\t\t\t<\/span>\n<\/li>\n<li class=\"product type-product post-611 status-publish last instock product_cat-natives-olivenol-extra has-post-thumbnail taxable shipping-taxable purchasable product-type-simple\">\n\t<a href=\"https:\/\/www.oliferm.com\/de\/producte\/karaffe-2l-oliferm\/\" class=\"woocommerce-LoopProduct-link woocommerce-loop-product__link\"><img loading=\"lazy\" decoding=\"async\" width=\"600\" height=\"600\" src=\"https:\/\/www.oliferm.com\/wp-content\/uploads\/2023\/07\/2l-2-600x600.png\" class=\"attachment-woocommerce_thumbnail size-woocommerce_thumbnail\" alt=\"2l Karaffe Oliferm\" srcset=\"https:\/\/www.oliferm.com\/wp-content\/uploads\/2023\/07\/2l-2-600x600.png 600w, https:\/\/www.oliferm.com\/wp-content\/uploads\/2023\/07\/2l-2-150x150.png 150w, https:\/\/www.oliferm.com\/wp-content\/uploads\/2023\/07\/2l-2-100x100.png 100w\" sizes=\"auto, (max-width: 600px) 100vw, 600px\" \/><h2 class=\"woocommerce-loop-product__title\">2L Pet-Karaffe OliFERM<\/h2>\n\t<span class=\"price\"><span class=\"woocommerce-Price-amount amount\"><bdi>18,00&nbsp;<span class=\"woocommerce-Price-currencySymbol\">&euro;<\/span><\/bdi><\/span> <small class=\"woocommerce-price-suffix\">IVA incl.<\/small><\/span>\n<\/a><a href=\"\/de\/wp-json\/wp\/v2\/posts\/564?add-to-cart=611\" aria-describedby=\"woocommerce_loop_add_to_cart_link_describedby_611\" data-quantity=\"1\" class=\"button product_type_simple add_to_cart_button ajax_add_to_cart\" data-product_id=\"611\" data-product_sku=\"\" aria-label=\"In den Warenkorb legen: \u201e2L Pet-Karaffe OliFERM\u201c\" rel=\"nofollow\" data-success_message=\"\u201e2L Pet-Karaffe OliFERM\u201c wurde deinem Warenkorb hinzugef\u00fcgt\">In den Warenkorb<\/a>\t<span id=\"woocommerce_loop_add_to_cart_link_describedby_611\" class=\"screen-reader-text\">\n\t\t\t<\/span>\n<\/li>\n<li class=\"product type-product post-608 status-publish first outofstock product_cat-natives-olivenol-extra has-post-thumbnail taxable shipping-taxable purchasable product-type-simple\">\n\t<a href=\"https:\/\/www.oliferm.com\/de\/producte\/karaffe-2l-oliferm-del-raig\/\" class=\"woocommerce-LoopProduct-link woocommerce-loop-product__link\"><img loading=\"lazy\" decoding=\"async\" width=\"600\" height=\"600\" src=\"https:\/\/www.oliferm.com\/wp-content\/uploads\/2023\/07\/2l-raig.2-600x600.png\" class=\"attachment-woocommerce_thumbnail size-woocommerce_thumbnail\" alt=\"2l Jet-\u00d6lflasche\" srcset=\"https:\/\/www.oliferm.com\/wp-content\/uploads\/2023\/07\/2l-raig.2-600x600.png 600w, https:\/\/www.oliferm.com\/wp-content\/uploads\/2023\/07\/2l-raig.2-150x150.png 150w, https:\/\/www.oliferm.com\/wp-content\/uploads\/2023\/07\/2l-raig.2-100x100.png 100w\" sizes=\"auto, (max-width: 600px) 100vw, 600px\" \/><h2 class=\"woocommerce-loop-product__title\">OliFERM del Raig 2L Karaffe &#8211; Neue Ernte \ud83d\udc9a<\/h2>\n\t<span class=\"price\"><span class=\"woocommerce-Price-amount amount\"><bdi>18,00&nbsp;<span class=\"woocommerce-Price-currencySymbol\">&euro;<\/span><\/bdi><\/span> <small class=\"woocommerce-price-suffix\">IVA incl.<\/small><\/span>\n<\/a><a href=\"https:\/\/www.oliferm.com\/de\/producte\/karaffe-2l-oliferm-del-raig\/\" aria-describedby=\"woocommerce_loop_add_to_cart_link_describedby_608\" data-quantity=\"1\" class=\"button product_type_simple\" data-product_id=\"608\" data-product_sku=\"\" aria-label=\"Lese mehr \u00fcber &#8222;OliFERM del Raig 2L Karaffe - Neue Ernte \ud83d\udc9a&#8220;\" rel=\"nofollow\" data-success_message=\"\">Weiterlesen<\/a>\t<span id=\"woocommerce_loop_add_to_cart_link_describedby_608\" class=\"screen-reader-text\">\n\t\t\t<\/span>\n<\/li>\n<li class=\"product type-product post-610 status-publish instock product_cat-natives-olivenol-extra has-post-thumbnail taxable shipping-taxable purchasable product-type-simple\">\n\t<a href=\"https:\/\/www.oliferm.com\/de\/producte\/karaffe-5l-oliferm\/\" class=\"woocommerce-LoopProduct-link woocommerce-loop-product__link\"><img loading=\"lazy\" decoding=\"async\" width=\"600\" height=\"600\" src=\"https:\/\/www.oliferm.com\/wp-content\/uploads\/2023\/07\/5.2l-600x600.png\" class=\"attachment-woocommerce_thumbnail size-woocommerce_thumbnail\" alt=\"5L Karaffe OLIFERM\" srcset=\"https:\/\/www.oliferm.com\/wp-content\/uploads\/2023\/07\/5.2l-600x600.png 600w, https:\/\/www.oliferm.com\/wp-content\/uploads\/2023\/07\/5.2l-150x150.png 150w, https:\/\/www.oliferm.com\/wp-content\/uploads\/2023\/07\/5.2l-100x100.png 100w\" sizes=\"auto, (max-width: 600px) 100vw, 600px\" \/><h2 class=\"woocommerce-loop-product__title\">5L Pet-Karaffe OliFERM<\/h2>\n\t<span class=\"price\"><span class=\"woocommerce-Price-amount amount\"><bdi>43,00&nbsp;<span class=\"woocommerce-Price-currencySymbol\">&euro;<\/span><\/bdi><\/span> <small class=\"woocommerce-price-suffix\">IVA incl.<\/small><\/span>\n<\/a><a href=\"\/de\/wp-json\/wp\/v2\/posts\/564?add-to-cart=610\" aria-describedby=\"woocommerce_loop_add_to_cart_link_describedby_610\" data-quantity=\"1\" class=\"button product_type_simple add_to_cart_button ajax_add_to_cart\" data-product_id=\"610\" data-product_sku=\"\" aria-label=\"In den Warenkorb legen: \u201e5L Pet-Karaffe OliFERM\u201c\" rel=\"nofollow\" data-success_message=\"\u201e5L Pet-Karaffe OliFERM\u201c wurde deinem Warenkorb hinzugef\u00fcgt\">In den Warenkorb<\/a>\t<span id=\"woocommerce_loop_add_to_cart_link_describedby_610\" class=\"screen-reader-text\">\n\t\t\t<\/span>\n<\/li>\n<li class=\"product type-product post-607 status-publish outofstock product_cat-natives-olivenol-extra has-post-thumbnail taxable shipping-taxable purchasable product-type-simple\">\n\t<a href=\"https:\/\/www.oliferm.com\/de\/producte\/karaffe-5l-oliferm-del-raig\/\" class=\"woocommerce-LoopProduct-link woocommerce-loop-product__link\"><img loading=\"lazy\" decoding=\"async\" width=\"600\" height=\"600\" src=\"https:\/\/www.oliferm.com\/wp-content\/uploads\/2023\/07\/5l-raig2-600x600.png\" class=\"attachment-woocommerce_thumbnail size-woocommerce_thumbnail\" alt=\"Ray-\u00d6lflasche 5l\" srcset=\"https:\/\/www.oliferm.com\/wp-content\/uploads\/2023\/07\/5l-raig2-600x600.png 600w, https:\/\/www.oliferm.com\/wp-content\/uploads\/2023\/07\/5l-raig2-150x150.png 150w, https:\/\/www.oliferm.com\/wp-content\/uploads\/2023\/07\/5l-raig2-100x100.png 100w\" sizes=\"auto, (max-width: 600px) 100vw, 600px\" \/><h2 class=\"woocommerce-loop-product__title\">OliFERM del Raig 5L Karaffe &#8211; Neue Ernte \ud83d\udc9a<\/h2>\n\t<span class=\"price\"><span class=\"woocommerce-Price-amount amount\"><bdi>43,00&nbsp;<span class=\"woocommerce-Price-currencySymbol\">&euro;<\/span><\/bdi><\/span> <small class=\"woocommerce-price-suffix\">IVA incl.<\/small><\/span>\n<\/a><a href=\"https:\/\/www.oliferm.com\/de\/producte\/karaffe-5l-oliferm-del-raig\/\" aria-describedby=\"woocommerce_loop_add_to_cart_link_describedby_607\" data-quantity=\"1\" class=\"button product_type_simple\" data-product_id=\"607\" data-product_sku=\"\" aria-label=\"Lese mehr \u00fcber &#8222;OliFERM del Raig 5L Karaffe - Neue Ernte \ud83d\udc9a&#8220;\" rel=\"nofollow\" data-success_message=\"\">Weiterlesen<\/a>\t<span id=\"woocommerce_loop_add_to_cart_link_describedby_607\" class=\"screen-reader-text\">\n\t\t\t<\/span>\n<\/li>\n<\/ul>\n<\/div>\n","protected":false},"excerpt":{"rendered":"","protected":false},"author":1,"featured_media":515,"comment_status":"open","ping_status":"open","sticky":false,"template":"","format":"standard","meta":{"_acf_changed":false,"footnotes":""},"categories":[58],"tags":[],"class_list":["post-564","post","type-post","status-publish","format-standard","has-post-thumbnail","hentry","category-produkt"],"acf":[],"yoast_head":"<!-- This site is optimized with the Yoast SEO plugin v27.5 - https:\/\/yoast.com\/product\/yoast-seo-wordpress\/ -->\n<title>Natives Oliven\u00f6l extra - OliFERM - Oli d&#039;Oliva Verge Extra<\/title>\n<meta name=\"robots\" content=\"noindex, follow\" \/>\n<meta property=\"og:locale\" content=\"de_DE\" \/>\n<meta property=\"og:type\" content=\"article\" \/>\n<meta property=\"og:title\" content=\"Natives Oliven\u00f6l extra - OliFERM - Oli d&#039;Oliva Verge Extra\" \/>\n<meta property=\"og:url\" content=\"https:\/\/www.oliferm.com\/de\/?p=564\" \/>\n<meta property=\"og:site_name\" content=\"OliFERM - Oli d&#039;Oliva Verge Extra\" \/>\n<meta property=\"article:publisher\" content=\"https:\/\/www.facebook.com\/oliferm\" \/>\n<meta property=\"article:published_time\" content=\"2023-02-18T09:36:15+00:00\" \/>\n<meta property=\"article:modified_time\" content=\"2025-07-22T08:12:09+00:00\" \/>\n<meta property=\"og:image\" content=\"https:\/\/www.oliferm.com\/wp-content\/uploads\/2022\/02\/oli_98b9915a-5017-4462-8bcf-703f79bfbbf6_2260x.png\" \/>\n\t<meta property=\"og:image:width\" content=\"2260\" \/>\n\t<meta property=\"og:image:height\" content=\"1374\" \/>\n\t<meta property=\"og:image:type\" content=\"image\/png\" \/>\n<meta name=\"author\" content=\"Oriol Piqu\u00e9 Vallverd\u00fa\" \/>\n<meta name=\"twitter:card\" content=\"summary_large_image\" \/>\n<meta name=\"twitter:label1\" content=\"Verfasst von\" \/>\n\t<meta name=\"twitter:data1\" content=\"Oriol Piqu\u00e9 Vallverd\u00fa\" \/>\n<!-- \/ Yoast SEO plugin. -->","yoast_head_json":{"title":"Natives Oliven\u00f6l extra - OliFERM - Oli d&#039;Oliva Verge Extra","robots":{"index":"noindex","follow":"follow"},"og_locale":"de_DE","og_type":"article","og_title":"Natives Oliven\u00f6l extra - OliFERM - Oli d&#039;Oliva Verge Extra","og_url":"https:\/\/www.oliferm.com\/de\/?p=564","og_site_name":"OliFERM - Oli d&#039;Oliva Verge Extra","article_publisher":"https:\/\/www.facebook.com\/oliferm","article_published_time":"2023-02-18T09:36:15+00:00","article_modified_time":"2025-07-22T08:12:09+00:00","og_image":[{"width":2260,"height":1374,"url":"https:\/\/www.oliferm.com\/wp-content\/uploads\/2022\/02\/oli_98b9915a-5017-4462-8bcf-703f79bfbbf6_2260x.png","type":"image\/png"}],"author":"Oriol Piqu\u00e9 Vallverd\u00fa","twitter_card":"summary_large_image","twitter_misc":{"Verfasst von":"Oriol Piqu\u00e9 Vallverd\u00fa"},"schema":{"@context":"https:\/\/schema.org","@graph":[{"@type":"Article","@id":"https:\/\/www.oliferm.com\/de\/?p=564#article","isPartOf":{"@id":"https:\/\/www.oliferm.com\/de\/?p=564"},"author":{"name":"Oriol Piqu\u00e9 Vallverd\u00fa","@id":"https:\/\/www.oliferm.com\/#\/schema\/person\/876a7a3703edbaba66b2834f7e06e2c4"},"headline":"Natives Oliven\u00f6l extra","datePublished":"2023-02-18T09:36:15+00:00","dateModified":"2025-07-22T08:12:09+00:00","mainEntityOfPage":{"@id":"https:\/\/www.oliferm.com\/de\/?p=564"},"wordCount":7,"commentCount":0,"publisher":{"@id":"https:\/\/www.oliferm.com\/#organization"},"image":{"@id":"https:\/\/www.oliferm.com\/de\/?p=564#primaryimage"},"thumbnailUrl":"https:\/\/www.oliferm.com\/wp-content\/uploads\/2022\/02\/oli_98b9915a-5017-4462-8bcf-703f79bfbbf6_2260x.png","articleSection":["Produkt"],"inLanguage":"de","potentialAction":[{"@type":"CommentAction","name":"Comment","target":["https:\/\/www.oliferm.com\/de\/?p=564#respond"]}]},{"@type":"WebPage","@id":"https:\/\/www.oliferm.com\/de\/?p=564","url":"https:\/\/www.oliferm.com\/de\/?p=564","name":"Natives Oliven\u00f6l extra - OliFERM - Oli d&#039;Oliva Verge Extra","isPartOf":{"@id":"https:\/\/www.oliferm.com\/#website"},"primaryImageOfPage":{"@id":"https:\/\/www.oliferm.com\/de\/?p=564#primaryimage"},"image":{"@id":"https:\/\/www.oliferm.com\/de\/?p=564#primaryimage"},"thumbnailUrl":"https:\/\/www.oliferm.com\/wp-content\/uploads\/2022\/02\/oli_98b9915a-5017-4462-8bcf-703f79bfbbf6_2260x.png","datePublished":"2023-02-18T09:36:15+00:00","dateModified":"2025-07-22T08:12:09+00:00","breadcrumb":{"@id":"https:\/\/www.oliferm.com\/de\/?p=564#breadcrumb"},"inLanguage":"de","potentialAction":[{"@type":"ReadAction","target":["https:\/\/www.oliferm.com\/de\/?p=564"]}]},{"@type":"ImageObject","inLanguage":"de","@id":"https:\/\/www.oliferm.com\/de\/?p=564#primaryimage","url":"https:\/\/www.oliferm.com\/wp-content\/uploads\/2022\/02\/oli_98b9915a-5017-4462-8bcf-703f79bfbbf6_2260x.png","contentUrl":"https:\/\/www.oliferm.com\/wp-content\/uploads\/2022\/02\/oli_98b9915a-5017-4462-8bcf-703f79bfbbf6_2260x.png","width":2260,"height":1374,"caption":"Presentacion de formatos de aceite de oliva OliFERM"},{"@type":"BreadcrumbList","@id":"https:\/\/www.oliferm.com\/de\/?p=564#breadcrumb","itemListElement":[{"@type":"ListItem","position":1,"name":"Inici","item":"https:\/\/www.oliferm.com\/de\/"},{"@type":"ListItem","position":2,"name":"Natives Oliven\u00f6l extra"}]},{"@type":"WebSite","@id":"https:\/\/www.oliferm.com\/#website","url":"https:\/\/www.oliferm.com\/","name":"OliFERM - Oli d&#039;Oliva Verge Extra","description":"Cooperativa de Castelldans","publisher":{"@id":"https:\/\/www.oliferm.com\/#organization"},"potentialAction":[{"@type":"SearchAction","target":{"@type":"EntryPoint","urlTemplate":"https:\/\/www.oliferm.com\/?s={search_term_string}"},"query-input":{"@type":"PropertyValueSpecification","valueRequired":true,"valueName":"search_term_string"}}],"inLanguage":"de"},{"@type":"Organization","@id":"https:\/\/www.oliferm.com\/#organization","name":"OliFERM - Cooperativa de Castelldans","url":"https:\/\/www.oliferm.com\/","logo":{"@type":"ImageObject","inLanguage":"de","@id":"https:\/\/www.oliferm.com\/#\/schema\/logo\/image\/","url":"https:\/\/www.oliferm.com\/wp-content\/uploads\/2022\/02\/logo-ppal.png","contentUrl":"https:\/\/www.oliferm.com\/wp-content\/uploads\/2022\/02\/logo-ppal.png","width":700,"height":542,"caption":"OliFERM - Cooperativa de Castelldans"},"image":{"@id":"https:\/\/www.oliferm.com\/#\/schema\/logo\/image\/"},"sameAs":["https:\/\/www.facebook.com\/oliferm","https:\/\/www.instagram.com\/cooperativacastelldans\/"]},{"@type":"Person","@id":"https:\/\/www.oliferm.com\/#\/schema\/person\/876a7a3703edbaba66b2834f7e06e2c4","name":"Oriol Piqu\u00e9 Vallverd\u00fa","image":{"@type":"ImageObject","inLanguage":"de","@id":"https:\/\/secure.gravatar.com\/avatar\/5421ccef93dd458d871fe615829633b9c46cab422671c938b5c760414a8a10c1?s=96&d=mm&r=g","url":"https:\/\/secure.gravatar.com\/avatar\/5421ccef93dd458d871fe615829633b9c46cab422671c938b5c760414a8a10c1?s=96&d=mm&r=g","contentUrl":"https:\/\/secure.gravatar.com\/avatar\/5421ccef93dd458d871fe615829633b9c46cab422671c938b5c760414a8a10c1?s=96&d=mm&r=g","caption":"Oriol Piqu\u00e9 Vallverd\u00fa"},"sameAs":["http:\/\/www.oliferm.com"]}]}},"_links":{"self":[{"href":"https:\/\/www.oliferm.com\/de\/wp-json\/wp\/v2\/posts\/564","targetHints":{"allow":["GET"]}}],"collection":[{"href":"https:\/\/www.oliferm.com\/de\/wp-json\/wp\/v2\/posts"}],"about":[{"href":"https:\/\/www.oliferm.com\/de\/wp-json\/wp\/v2\/types\/post"}],"author":[{"embeddable":true,"href":"https:\/\/www.oliferm.com\/de\/wp-json\/wp\/v2\/users\/1"}],"replies":[{"embeddable":true,"href":"https:\/\/www.oliferm.com\/de\/wp-json\/wp\/v2\/comments?post=564"}],"version-history":[{"count":0,"href":"https:\/\/www.oliferm.com\/de\/wp-json\/wp\/v2\/posts\/564\/revisions"}],"wp:featuredmedia":[{"embeddable":true,"href":"https:\/\/www.oliferm.com\/de\/wp-json\/wp\/v2\/media\/515"}],"wp:attachment":[{"href":"https:\/\/www.oliferm.com\/de\/wp-json\/wp\/v2\/media?parent=564"}],"wp:term":[{"taxonomy":"category","embeddable":true,"href":"https:\/\/www.oliferm.com\/de\/wp-json\/wp\/v2\/categories?post=564"},{"taxonomy":"post_tag","embeddable":true,"href":"https:\/\/www.oliferm.com\/de\/wp-json\/wp\/v2\/tags?post=564"}],"curies":[{"name":"wp","href":"https:\/\/api.w.org\/{rel}","templated":true}]}}