{"id":2008,"date":"2024-08-26T17:01:58","date_gmt":"2024-08-26T17:01:58","guid":{"rendered":"https:\/\/www.oliferm.com\/tradicion-e-innovacion-en-castelldans\/"},"modified":"2025-07-22T08:12:17","modified_gmt":"2025-07-22T08:12:17","slug":"tradicion-e-innovacion-en-castelldans","status":"publish","type":"post","link":"https:\/\/www.oliferm.com\/es\/tradicion-e-innovacion-en-castelldans\/","title":{"rendered":"Tradici\u00f3n e innovaci\u00f3n en Castelldans"},"content":{"rendered":"\n<h2 class=\"wp-block-heading\">La cosecha de la almendra<\/h2>\n\n<p>En Castelldans, la cosecha de <a href=\"https:\/\/ca.wikipedia.org\/wiki\/Ametlla\">la almendra<\/a> es una actividad que ha sido parte integral de la vida agr\u00edcola durante generaciones. Cada a\u00f1o, esta \u00e9poca marca un momento especial, en el que los campesinos se dedican con pasi\u00f3n y esfuerzo a la recolecci\u00f3n de uno de los frutos m\u00e1s apreciados de nuestra tierra. Despu\u00e9s del verano, cuando las cerezas, nectarinas y melocotones han sido recogidos, llega entonces el momento de centrarse en las almendras. Mientras tanto, las aceitunas se encuentran en la fase de maduraci\u00f3n, conocida como envero, prepar\u00e1ndose para su recogida en noviembre.   <\/p>\n\n<p>Con esta combinaci\u00f3n de cosechas, Castelldans demuestra su capacidad para mantener un ciclo agr\u00edcola constante y diversificado, reflejando la esencia de nuestra comunidad.<\/p>\n\n<figure class=\"wp-block-image size-full\"><img loading=\"lazy\" decoding=\"async\" width=\"559\" height=\"823\" src=\"https:\/\/www.oliferm.com\/wp-content\/uploads\/2024\/08\/Captura-de-pantalla-2024-08-26-a-las-18.54.14.png\" alt=\"\" class=\"wp-image-1988\" srcset=\"https:\/\/www.oliferm.com\/wp-content\/uploads\/2024\/08\/Captura-de-pantalla-2024-08-26-a-las-18.54.14.png 559w, https:\/\/www.oliferm.com\/wp-content\/uploads\/2024\/08\/Captura-de-pantalla-2024-08-26-a-las-18.54.14-204x300.png 204w\" sizes=\"auto, (max-width: 559px) 100vw, 559px\" \/><\/figure>\n\n<h2 class=\"wp-block-heading\">La importancia de la cosecha de la almendra<\/h2>\n\n<p>La <a href=\"https:\/\/www.instagram.com\/reel\/C_BgjVVN5Cc\/\">cosecha de la almendra<\/a> no es s\u00f3lo un trabajo agr\u00edcola; es m\u00e1s bien un momento de gran importancia para toda la comunidad de Castelldans. De hecho, la almendra es uno de los productos estrella de nuestra cooperativa, y, por tanto, su cosecha requiere una combinaci\u00f3n cuidadosa de conocimiento tradicional y tecnolog\u00eda moderna. Para llevar a cabo esta tarea con \u00e9xito, los agricultores utilizan maquinaria especializada que permite recoger las almendras con el m\u00e1ximo cuidado, garantizando as\u00ed su calidad. Este proceso tecnol\u00f3gico es, sin duda, vital para asegurar que cada almendra llegue en las mejores condiciones al consumidor final, ofreciendo un excelente producto que refleja el esfuerzo de nuestra tierra.   <\/p>\n\n<figure class=\"wp-block-image size-full\"><img loading=\"lazy\" decoding=\"async\" width=\"559\" height=\"823\" src=\"https:\/\/www.oliferm.com\/wp-content\/uploads\/2024\/08\/Captura-de-pantalla-2024-08-26-a-las-18.55.23.png\" alt=\"\" class=\"wp-image-1993\" srcset=\"https:\/\/www.oliferm.com\/wp-content\/uploads\/2024\/08\/Captura-de-pantalla-2024-08-26-a-las-18.55.23.png 559w, https:\/\/www.oliferm.com\/wp-content\/uploads\/2024\/08\/Captura-de-pantalla-2024-08-26-a-las-18.55.23-204x300.png 204w\" sizes=\"auto, (max-width: 559px) 100vw, 559px\" \/><\/figure>\n\n<h2 class=\"wp-block-heading\">Transformaci\u00f3n en la Cooperativa<\/h2>\n\n<p>Una vez recogidas, las almendras son transportadas a la <a href=\"https:\/\/www.oliferm.com\/es\/la-cooperativa\/\">Cooperativa del Camp de Castelldans<\/a> . Aqu\u00ed comienza otro <a href=\"https:\/\/www.instagram.com\/reel\/C_PbDmxIPmI\/\">proceso<\/a> igual de importante: el procesamiento y la selecci\u00f3n de las almendras. En la cooperativa, nos aseguramos que cada almendra es procesada bajo estrictos controles de calidad, manteniendo su frescura y sabor. Este proceso garantiza que las almendras que llegan al mercado son de la mejor calidad, reflejando el esfuerzo colectivo de nuestros campesinos   <\/p>\n\n<h2 class=\"wp-block-heading\">Un ciclo agr\u00edcola rico y diverso<\/h2>\n\n<p>La cosecha de la almendra en Castelldans es un ejemplo perfecto de c\u00f3mo la tradici\u00f3n se combina con la innovaci\u00f3n para ofrecer productos de proximidad de alta calidad. Cada almendra cosechada, procesada y vendida por la Cooperativa del Campo de Castelldans lleva consigo el orgullo y la dedicaci\u00f3n de nuestra comunidad agr\u00edcola. Estas almendras no son s\u00f3lo un producto; son un s\u00edmbolo de nuestro compromiso con la tierra, con la calidad y la sostenibilidad.  <\/p>\n\n<p>Ven a descubrir nuestra tradicional cosecha y disfruta de la autenticidad y riqueza de los productos de Castelldans. S\u00e9 parte de esta tradici\u00f3n viva y trae a tu casa lo mejor que nuestra tierra puede ofrecer. <\/p>\n\n<p><\/p>\n","protected":false},"excerpt":{"rendered":"<p>La cosecha de la almendra En Castelldans, la cosecha de la almendra es una actividad que ha sido parte integral de la vida agr\u00edcola durante generaciones. Cada a\u00f1o, esta \u00e9poca marca un momento especial, en el que los campesinos se dedican con pasi\u00f3n y esfuerzo a la recolecci\u00f3n de uno de los frutos m\u00e1s apreciados [&hellip;]<\/p>\n","protected":false},"author":3,"featured_media":1997,"comment_status":"open","ping_status":"open","sticky":false,"template":"","format":"standard","meta":{"_acf_changed":false,"footnotes":""},"categories":[98],"tags":[301,220,300,221,299,302],"class_list":["post-2008","post","type-post","status-publish","format-standard","has-post-thumbnail","hentry","category-blog","tag-calidad","tag-castelldans-es","tag-cooperativa-del-camp-de-castelldans-es","tag-cooperativas-de-aceite-de-oliva-de-cataluna","tag-cosecha-de-la-almendra","tag-sostenibilidad"],"acf":[],"yoast_head":"<!-- This site is optimized with the Yoast SEO plugin v27.5 - https:\/\/yoast.com\/product\/yoast-seo-wordpress\/ -->\n<title>Cosecha de la Almendra - OliFERM - Oli d&#039;Oliva Verge Extra<\/title>\n<meta name=\"description\" content=\"En Castelldans, la cosecha de la almendra es mucho m\u00e1s que una actividad agr\u00edcola. Es una tradici\u00f3n que marca el ritmo de la vida en el campo.\" \/>\n<meta name=\"robots\" content=\"noindex, follow\" \/>\n<meta property=\"og:locale\" content=\"es_ES\" \/>\n<meta property=\"og:type\" content=\"article\" \/>\n<meta property=\"og:title\" content=\"Cosecha de la Almendra - OliFERM - Oli d&#039;Oliva Verge Extra\" \/>\n<meta property=\"og:description\" content=\"En Castelldans, la cosecha de la almendra es mucho m\u00e1s que una actividad agr\u00edcola. Es una tradici\u00f3n que marca el ritmo de la vida en el campo.\" \/>\n<meta property=\"og:url\" content=\"https:\/\/www.oliferm.com\/es\/?p=2008\" \/>\n<meta property=\"og:site_name\" content=\"OliFERM - Oli d&#039;Oliva Verge Extra\" \/>\n<meta property=\"article:publisher\" content=\"https:\/\/www.facebook.com\/oliferm\" \/>\n<meta property=\"article:published_time\" content=\"2024-08-26T17:01:58+00:00\" \/>\n<meta property=\"article:modified_time\" content=\"2025-07-22T08:12:17+00:00\" \/>\n<meta property=\"og:image\" content=\"https:\/\/www.oliferm.com\/wp-content\/uploads\/2024\/08\/Captura-de-pantalla-2024-08-26-a-las-18.55.23.png\" \/>\n\t<meta property=\"og:image:width\" content=\"559\" \/>\n\t<meta property=\"og:image:height\" content=\"823\" \/>\n\t<meta property=\"og:image:type\" content=\"image\/png\" \/>\n<meta name=\"author\" content=\"Carola L\u00f3pez\" \/>\n<meta name=\"twitter:card\" content=\"summary_large_image\" \/>\n<meta name=\"twitter:label1\" content=\"Escrito por\" \/>\n\t<meta name=\"twitter:data1\" content=\"Carola L\u00f3pez\" \/>\n\t<meta name=\"twitter:label2\" content=\"Tiempo de lectura\" \/>\n\t<meta name=\"twitter:data2\" content=\"2 minutos\" \/>\n<!-- \/ Yoast SEO plugin. -->","yoast_head_json":{"title":"Cosecha de la Almendra - OliFERM - Oli d&#039;Oliva Verge Extra","description":"En Castelldans, la cosecha de la almendra es mucho m\u00e1s que una actividad agr\u00edcola. Es una tradici\u00f3n que marca el ritmo de la vida en el campo.","robots":{"index":"noindex","follow":"follow"},"og_locale":"es_ES","og_type":"article","og_title":"Cosecha de la Almendra - OliFERM - Oli d&#039;Oliva Verge Extra","og_description":"En Castelldans, la cosecha de la almendra es mucho m\u00e1s que una actividad agr\u00edcola. Es una tradici\u00f3n que marca el ritmo de la vida en el campo.","og_url":"https:\/\/www.oliferm.com\/es\/?p=2008","og_site_name":"OliFERM - Oli d&#039;Oliva Verge Extra","article_publisher":"https:\/\/www.facebook.com\/oliferm","article_published_time":"2024-08-26T17:01:58+00:00","article_modified_time":"2025-07-22T08:12:17+00:00","og_image":[{"width":559,"height":823,"url":"https:\/\/www.oliferm.com\/wp-content\/uploads\/2024\/08\/Captura-de-pantalla-2024-08-26-a-las-18.55.23.png","type":"image\/png"}],"author":"Carola L\u00f3pez","twitter_card":"summary_large_image","twitter_misc":{"Escrito por":"Carola L\u00f3pez","Tiempo de lectura":"2 minutos"},"schema":{"@context":"https:\/\/schema.org","@graph":[{"@type":"Article","@id":"https:\/\/www.oliferm.com\/es\/?p=2008#article","isPartOf":{"@id":"https:\/\/www.oliferm.com\/es\/?p=2008"},"author":{"name":"Carola L\u00f3pez","@id":"https:\/\/www.oliferm.com\/#\/schema\/person\/723f902ae2010922288294ed65952a26"},"headline":"Tradici\u00f3n e innovaci\u00f3n en Castelldans","datePublished":"2024-08-26T17:01:58+00:00","dateModified":"2025-07-22T08:12:17+00:00","mainEntityOfPage":{"@id":"https:\/\/www.oliferm.com\/es\/?p=2008"},"wordCount":466,"commentCount":0,"publisher":{"@id":"https:\/\/www.oliferm.com\/#organization"},"image":{"@id":"https:\/\/www.oliferm.com\/es\/?p=2008#primaryimage"},"thumbnailUrl":"https:\/\/www.oliferm.com\/wp-content\/uploads\/2024\/08\/Captura-de-pantalla-2024-08-26-a-las-18.55.23.png","keywords":["calidad","Castelldans","Cooperativa del Camp de Castelldans","cooperativas de aceite de oliva de Catalu\u00f1a","Cosecha de la Almendra","sostenibilidad."],"articleSection":["Blog"],"inLanguage":"es","potentialAction":[{"@type":"CommentAction","name":"Comment","target":["https:\/\/www.oliferm.com\/es\/?p=2008#respond"]}]},{"@type":"WebPage","@id":"https:\/\/www.oliferm.com\/es\/?p=2008","url":"https:\/\/www.oliferm.com\/es\/?p=2008","name":"Cosecha de la Almendra - OliFERM - Oli d&#039;Oliva Verge Extra","isPartOf":{"@id":"https:\/\/www.oliferm.com\/#website"},"primaryImageOfPage":{"@id":"https:\/\/www.oliferm.com\/es\/?p=2008#primaryimage"},"image":{"@id":"https:\/\/www.oliferm.com\/es\/?p=2008#primaryimage"},"thumbnailUrl":"https:\/\/www.oliferm.com\/wp-content\/uploads\/2024\/08\/Captura-de-pantalla-2024-08-26-a-las-18.55.23.png","datePublished":"2024-08-26T17:01:58+00:00","dateModified":"2025-07-22T08:12:17+00:00","description":"En Castelldans, la cosecha de la almendra es mucho m\u00e1s que una actividad agr\u00edcola. Es una tradici\u00f3n que marca el ritmo de la vida en el campo.","breadcrumb":{"@id":"https:\/\/www.oliferm.com\/es\/?p=2008#breadcrumb"},"inLanguage":"es","potentialAction":[{"@type":"ReadAction","target":["https:\/\/www.oliferm.com\/es\/?p=2008"]}]},{"@type":"ImageObject","inLanguage":"es","@id":"https:\/\/www.oliferm.com\/es\/?p=2008#primaryimage","url":"https:\/\/www.oliferm.com\/wp-content\/uploads\/2024\/08\/Captura-de-pantalla-2024-08-26-a-las-18.55.23.png","contentUrl":"https:\/\/www.oliferm.com\/wp-content\/uploads\/2024\/08\/Captura-de-pantalla-2024-08-26-a-las-18.55.23.png","width":559,"height":823,"caption":"collita de l\u2019ametlla"},{"@type":"BreadcrumbList","@id":"https:\/\/www.oliferm.com\/es\/?p=2008#breadcrumb","itemListElement":[{"@type":"ListItem","position":1,"name":"Inici","item":"https:\/\/www.oliferm.com\/es\/"},{"@type":"ListItem","position":2,"name":"Tradici\u00f3n e innovaci\u00f3n en Castelldans"}]},{"@type":"WebSite","@id":"https:\/\/www.oliferm.com\/#website","url":"https:\/\/www.oliferm.com\/","name":"OliFERM - Oli d&#039;Oliva Verge Extra","description":"Cooperativa de Castelldans","publisher":{"@id":"https:\/\/www.oliferm.com\/#organization"},"potentialAction":[{"@type":"SearchAction","target":{"@type":"EntryPoint","urlTemplate":"https:\/\/www.oliferm.com\/?s={search_term_string}"},"query-input":{"@type":"PropertyValueSpecification","valueRequired":true,"valueName":"search_term_string"}}],"inLanguage":"es"},{"@type":"Organization","@id":"https:\/\/www.oliferm.com\/#organization","name":"OliFERM - Cooperativa de Castelldans","url":"https:\/\/www.oliferm.com\/","logo":{"@type":"ImageObject","inLanguage":"es","@id":"https:\/\/www.oliferm.com\/#\/schema\/logo\/image\/","url":"https:\/\/www.oliferm.com\/wp-content\/uploads\/2022\/02\/logo-ppal.png","contentUrl":"https:\/\/www.oliferm.com\/wp-content\/uploads\/2022\/02\/logo-ppal.png","width":700,"height":542,"caption":"OliFERM - Cooperativa de Castelldans"},"image":{"@id":"https:\/\/www.oliferm.com\/#\/schema\/logo\/image\/"},"sameAs":["https:\/\/www.facebook.com\/oliferm","https:\/\/www.instagram.com\/cooperativacastelldans\/"]},{"@type":"Person","@id":"https:\/\/www.oliferm.com\/#\/schema\/person\/723f902ae2010922288294ed65952a26","name":"Carola L\u00f3pez","image":{"@type":"ImageObject","inLanguage":"es","@id":"https:\/\/secure.gravatar.com\/avatar\/5fe445f9f8c59aea6b1f7126f00fceb51b48c675db117c8bcd06fa16b32664f2?s=96&d=mm&r=g","url":"https:\/\/secure.gravatar.com\/avatar\/5fe445f9f8c59aea6b1f7126f00fceb51b48c675db117c8bcd06fa16b32664f2?s=96&d=mm&r=g","contentUrl":"https:\/\/secure.gravatar.com\/avatar\/5fe445f9f8c59aea6b1f7126f00fceb51b48c675db117c8bcd06fa16b32664f2?s=96&d=mm&r=g","caption":"Carola L\u00f3pez"}}]}},"_links":{"self":[{"href":"https:\/\/www.oliferm.com\/es\/wp-json\/wp\/v2\/posts\/2008","targetHints":{"allow":["GET"]}}],"collection":[{"href":"https:\/\/www.oliferm.com\/es\/wp-json\/wp\/v2\/posts"}],"about":[{"href":"https:\/\/www.oliferm.com\/es\/wp-json\/wp\/v2\/types\/post"}],"author":[{"embeddable":true,"href":"https:\/\/www.oliferm.com\/es\/wp-json\/wp\/v2\/users\/3"}],"replies":[{"embeddable":true,"href":"https:\/\/www.oliferm.com\/es\/wp-json\/wp\/v2\/comments?post=2008"}],"version-history":[{"count":0,"href":"https:\/\/www.oliferm.com\/es\/wp-json\/wp\/v2\/posts\/2008\/revisions"}],"wp:featuredmedia":[{"embeddable":true,"href":"https:\/\/www.oliferm.com\/es\/wp-json\/wp\/v2\/media\/1997"}],"wp:attachment":[{"href":"https:\/\/www.oliferm.com\/es\/wp-json\/wp\/v2\/media?parent=2008"}],"wp:term":[{"taxonomy":"category","embeddable":true,"href":"https:\/\/www.oliferm.com\/es\/wp-json\/wp\/v2\/categories?post=2008"},{"taxonomy":"post_tag","embeddable":true,"href":"https:\/\/www.oliferm.com\/es\/wp-json\/wp\/v2\/tags?post=2008"}],"curies":[{"name":"wp","href":"https:\/\/api.w.org\/{rel}","templated":true}]}}