{"id":209,"date":"2022-06-13T09:25:11","date_gmt":"2022-06-13T09:25:11","guid":{"rendered":"https:\/\/www.oliferm.com\/aceite-de-oliva-virgen-extra\/"},"modified":"2025-07-22T08:12:09","modified_gmt":"2025-07-22T08:12:09","slug":"aceite-de-oliva-virgen-extra","status":"publish","type":"post","link":"https:\/\/www.oliferm.com\/es\/aceite-de-oliva-virgen-extra\/","title":{"rendered":"Aceite de Oliva virgen extra"},"content":{"rendered":"<div class=\"woocommerce columns-4 \"><ul class=\"products columns-4\">\n<li class=\"product type-product post-470 status-publish first instock product_cat-aceite-de-oliva-virgen-extra product_tag-aceite-de-oliva product_tag-aove-es product_tag-lata-3l has-post-thumbnail taxable shipping-taxable purchasable product-type-simple\">\n\t<a href=\"https:\/\/www.oliferm.com\/es\/producte\/lata-de-3l-nuevo\/\" class=\"woocommerce-LoopProduct-link woocommerce-loop-product__link\"><img loading=\"lazy\" decoding=\"async\" width=\"600\" height=\"600\" src=\"https:\/\/www.oliferm.com\/wp-content\/uploads\/2024\/01\/3l-600x600.png\" class=\"attachment-woocommerce_thumbnail size-woocommerce_thumbnail\" alt=\"Lata OliFERM de 3l\" srcset=\"https:\/\/www.oliferm.com\/wp-content\/uploads\/2024\/01\/3l-600x600.png 600w, https:\/\/www.oliferm.com\/wp-content\/uploads\/2024\/01\/3l-300x300.png 300w, https:\/\/www.oliferm.com\/wp-content\/uploads\/2024\/01\/3l-1024x1024.png 1024w, https:\/\/www.oliferm.com\/wp-content\/uploads\/2024\/01\/3l-150x150.png 150w, https:\/\/www.oliferm.com\/wp-content\/uploads\/2024\/01\/3l-768x768.png 768w, https:\/\/www.oliferm.com\/wp-content\/uploads\/2024\/01\/3l-100x100.png 100w, https:\/\/www.oliferm.com\/wp-content\/uploads\/2024\/01\/3l.png 1080w\" sizes=\"auto, (max-width: 600px) 100vw, 600px\" \/><h2 class=\"woocommerce-loop-product__title\">Lata de 3L<\/h2>\n\t<span class=\"price\"><span class=\"woocommerce-Price-amount amount\"><bdi>29,50&nbsp;<span class=\"woocommerce-Price-currencySymbol\">&euro;<\/span><\/bdi><\/span> <small class=\"woocommerce-price-suffix\">IVA incl.<\/small><\/span>\n<\/a><a href=\"\/es\/wp-json\/wp\/v2\/posts\/209?add-to-cart=470\" aria-describedby=\"woocommerce_loop_add_to_cart_link_describedby_470\" data-quantity=\"1\" class=\"button product_type_simple add_to_cart_button ajax_add_to_cart\" data-product_id=\"470\" data-product_sku=\"\" aria-label=\"A\u00f1adir al carrito: &ldquo;Lata de 3L&rdquo;\" rel=\"nofollow\" data-success_message=\"\u00abLata de 3L\u00bb se ha a\u00f1adido a tu carrito\">A\u00f1adir al carrito<\/a>\t<span id=\"woocommerce_loop_add_to_cart_link_describedby_470\" class=\"screen-reader-text\">\n\t\t\t<\/span>\n<\/li>\n<li class=\"product type-product post-473 status-publish instock product_cat-aceite-de-oliva-virgen-extra has-post-thumbnail taxable shipping-taxable purchasable product-type-simple\">\n\t<a href=\"https:\/\/www.oliferm.com\/es\/producte\/lata-de-5l-nuevo\/\" class=\"woocommerce-LoopProduct-link woocommerce-loop-product__link\"><img loading=\"lazy\" decoding=\"async\" width=\"600\" height=\"600\" src=\"https:\/\/www.oliferm.com\/wp-content\/uploads\/2024\/01\/5l-600x600.png\" class=\"attachment-woocommerce_thumbnail size-woocommerce_thumbnail\" alt=\"Lata OliFERM de 5l\" srcset=\"https:\/\/www.oliferm.com\/wp-content\/uploads\/2024\/01\/5l-600x600.png 600w, https:\/\/www.oliferm.com\/wp-content\/uploads\/2024\/01\/5l-300x300.png 300w, https:\/\/www.oliferm.com\/wp-content\/uploads\/2024\/01\/5l-1024x1024.png 1024w, https:\/\/www.oliferm.com\/wp-content\/uploads\/2024\/01\/5l-150x150.png 150w, https:\/\/www.oliferm.com\/wp-content\/uploads\/2024\/01\/5l-768x768.png 768w, https:\/\/www.oliferm.com\/wp-content\/uploads\/2024\/01\/5l-100x100.png 100w, https:\/\/www.oliferm.com\/wp-content\/uploads\/2024\/01\/5l.png 1080w\" sizes=\"auto, (max-width: 600px) 100vw, 600px\" \/><h2 class=\"woocommerce-loop-product__title\">Lata de 5L<\/h2>\n\t<span class=\"price\"><span class=\"woocommerce-Price-amount amount\"><bdi>46,00&nbsp;<span class=\"woocommerce-Price-currencySymbol\">&euro;<\/span><\/bdi><\/span> <small class=\"woocommerce-price-suffix\">IVA incl.<\/small><\/span>\n<\/a><a href=\"\/es\/wp-json\/wp\/v2\/posts\/209?add-to-cart=473\" aria-describedby=\"woocommerce_loop_add_to_cart_link_describedby_473\" data-quantity=\"1\" class=\"button product_type_simple add_to_cart_button ajax_add_to_cart\" data-product_id=\"473\" data-product_sku=\"\" aria-label=\"A\u00f1adir al carrito: &ldquo;Lata de 5L&rdquo;\" rel=\"nofollow\" data-success_message=\"\u00abLata de 5L\u00bb se ha a\u00f1adido a tu carrito\">A\u00f1adir al carrito<\/a>\t<span id=\"woocommerce_loop_add_to_cart_link_describedby_473\" class=\"screen-reader-text\">\n\t\t\t<\/span>\n<\/li>\n<li class=\"product type-product post-261 status-publish instock product_cat-aceite-de-oliva-virgen-extra has-post-thumbnail taxable shipping-taxable purchasable product-type-simple\">\n\t<a href=\"https:\/\/www.oliferm.com\/es\/producte\/botella-250ml-oliferm\/\" class=\"woocommerce-LoopProduct-link woocommerce-loop-product__link\"><img loading=\"lazy\" decoding=\"async\" width=\"600\" height=\"600\" src=\"https:\/\/www.oliferm.com\/wp-content\/uploads\/2022\/02\/11-600x600.jpg\" class=\"attachment-woocommerce_thumbnail size-woocommerce_thumbnail\" alt=\"botella de vidrio de Oliferm de 250ml\" srcset=\"https:\/\/www.oliferm.com\/wp-content\/uploads\/2022\/02\/11-600x600.jpg 600w, https:\/\/www.oliferm.com\/wp-content\/uploads\/2022\/02\/11-100x100.jpg 100w, https:\/\/www.oliferm.com\/wp-content\/uploads\/2022\/02\/11-300x300.jpg 300w, https:\/\/www.oliferm.com\/wp-content\/uploads\/2022\/02\/11-1024x1024.jpg 1024w, https:\/\/www.oliferm.com\/wp-content\/uploads\/2022\/02\/11-150x150.jpg 150w, https:\/\/www.oliferm.com\/wp-content\/uploads\/2022\/02\/11-768x768.jpg 768w, https:\/\/www.oliferm.com\/wp-content\/uploads\/2022\/02\/11.jpg 1080w\" sizes=\"auto, (max-width: 600px) 100vw, 600px\" \/><h2 class=\"woocommerce-loop-product__title\">Botella 250ML OliFERM<\/h2>\n\t<span class=\"price\"><span class=\"woocommerce-Price-amount amount\"><bdi>5,00&nbsp;<span class=\"woocommerce-Price-currencySymbol\">&euro;<\/span><\/bdi><\/span> <small class=\"woocommerce-price-suffix\">IVA incl.<\/small><\/span>\n<\/a><a href=\"\/es\/wp-json\/wp\/v2\/posts\/209?add-to-cart=261\" aria-describedby=\"woocommerce_loop_add_to_cart_link_describedby_261\" data-quantity=\"1\" class=\"button product_type_simple add_to_cart_button ajax_add_to_cart\" data-product_id=\"261\" data-product_sku=\"\" aria-label=\"A\u00f1adir al carrito: &ldquo;Botella 250ML OliFERM&rdquo;\" rel=\"nofollow\" data-success_message=\"\u00abBotella 250ML OliFERM\u00bb se ha a\u00f1adido a tu carrito\">A\u00f1adir al carrito<\/a>\t<span id=\"woocommerce_loop_add_to_cart_link_describedby_261\" class=\"screen-reader-text\">\n\t\t\t<\/span>\n<\/li>\n<li class=\"product type-product post-260 status-publish last instock product_cat-aceite-de-oliva-virgen-extra has-post-thumbnail taxable shipping-taxable purchasable product-type-simple\">\n\t<a href=\"https:\/\/www.oliferm.com\/es\/producte\/botella-500ml-oliferm\/\" class=\"woocommerce-LoopProduct-link woocommerce-loop-product__link\"><img loading=\"lazy\" decoding=\"async\" width=\"600\" height=\"600\" src=\"https:\/\/www.oliferm.com\/wp-content\/uploads\/2022\/02\/12-600x600.jpg\" class=\"attachment-woocommerce_thumbnail size-woocommerce_thumbnail\" alt=\"botella de vidrio de Oliferm de 250ml\" srcset=\"https:\/\/www.oliferm.com\/wp-content\/uploads\/2022\/02\/12-600x600.jpg 600w, https:\/\/www.oliferm.com\/wp-content\/uploads\/2022\/02\/12-100x100.jpg 100w, https:\/\/www.oliferm.com\/wp-content\/uploads\/2022\/02\/12-150x150.jpg 150w\" sizes=\"auto, (max-width: 600px) 100vw, 600px\" \/><h2 class=\"woocommerce-loop-product__title\">Botella 500ML OliFERM<\/h2>\n\t<span class=\"price\"><span class=\"woocommerce-Price-amount amount\"><bdi>8,00&nbsp;<span class=\"woocommerce-Price-currencySymbol\">&euro;<\/span><\/bdi><\/span> <small class=\"woocommerce-price-suffix\">IVA incl.<\/small><\/span>\n<\/a><a href=\"\/es\/wp-json\/wp\/v2\/posts\/209?add-to-cart=260\" aria-describedby=\"woocommerce_loop_add_to_cart_link_describedby_260\" data-quantity=\"1\" class=\"button product_type_simple add_to_cart_button ajax_add_to_cart\" data-product_id=\"260\" data-product_sku=\"\" aria-label=\"A\u00f1adir al carrito: &ldquo;Botella 500ML OliFERM&rdquo;\" rel=\"nofollow\" data-success_message=\"\u00abBotella 500ML OliFERM\u00bb se ha a\u00f1adido a tu carrito\">A\u00f1adir al carrito<\/a>\t<span id=\"woocommerce_loop_add_to_cart_link_describedby_260\" class=\"screen-reader-text\">\n\t\t\t<\/span>\n<\/li>\n<li class=\"product type-product post-249 status-publish first instock product_cat-aceite-de-oliva-virgen-extra has-post-thumbnail taxable shipping-taxable purchasable product-type-simple\">\n\t<a href=\"https:\/\/www.oliferm.com\/es\/producte\/botella-750ml-oliferm\/\" class=\"woocommerce-LoopProduct-link woocommerce-loop-product__link\"><img loading=\"lazy\" decoding=\"async\" width=\"600\" height=\"600\" src=\"https:\/\/www.oliferm.com\/wp-content\/uploads\/2022\/02\/13-600x600.jpg\" class=\"attachment-woocommerce_thumbnail size-woocommerce_thumbnail\" alt=\"botella de vidrio de Oliferm de 250ml\" srcset=\"https:\/\/www.oliferm.com\/wp-content\/uploads\/2022\/02\/13-600x600.jpg 600w, https:\/\/www.oliferm.com\/wp-content\/uploads\/2022\/02\/13-100x100.jpg 100w, https:\/\/www.oliferm.com\/wp-content\/uploads\/2022\/02\/13-150x150.jpg 150w\" sizes=\"auto, (max-width: 600px) 100vw, 600px\" \/><h2 class=\"woocommerce-loop-product__title\">Botella 750ML OliFERM<\/h2>\n\t<span class=\"price\"><span class=\"woocommerce-Price-amount amount\"><bdi>9,00&nbsp;<span class=\"woocommerce-Price-currencySymbol\">&euro;<\/span><\/bdi><\/span> <small class=\"woocommerce-price-suffix\">IVA incl.<\/small><\/span>\n<\/a><a href=\"\/es\/wp-json\/wp\/v2\/posts\/209?add-to-cart=249\" aria-describedby=\"woocommerce_loop_add_to_cart_link_describedby_249\" data-quantity=\"1\" class=\"button product_type_simple add_to_cart_button ajax_add_to_cart\" data-product_id=\"249\" data-product_sku=\"\" aria-label=\"A\u00f1adir al carrito: &ldquo;Botella 750ML OliFERM&rdquo;\" rel=\"nofollow\" data-success_message=\"\u00abBotella 750ML OliFERM\u00bb se ha a\u00f1adido a tu carrito\">A\u00f1adir al carrito<\/a>\t<span id=\"woocommerce_loop_add_to_cart_link_describedby_249\" class=\"screen-reader-text\">\n\t\t\t<\/span>\n<\/li>\n<li class=\"product type-product post-262 status-publish instock product_cat-aceite-de-oliva-virgen-extra has-post-thumbnail taxable shipping-taxable purchasable product-type-simple\">\n\t<a href=\"https:\/\/www.oliferm.com\/es\/producte\/botella-premium-oliferm\/\" class=\"woocommerce-LoopProduct-link woocommerce-loop-product__link\"><img loading=\"lazy\" decoding=\"async\" width=\"600\" height=\"600\" src=\"https:\/\/www.oliferm.com\/wp-content\/uploads\/2022\/02\/10-600x600.jpg\" class=\"attachment-woocommerce_thumbnail size-woocommerce_thumbnail\" alt=\"botella blanca de la edicion limitada de Oliferm\" srcset=\"https:\/\/www.oliferm.com\/wp-content\/uploads\/2022\/02\/10-600x600.jpg 600w, https:\/\/www.oliferm.com\/wp-content\/uploads\/2022\/02\/10-100x100.jpg 100w, https:\/\/www.oliferm.com\/wp-content\/uploads\/2022\/02\/10-300x300.jpg 300w, https:\/\/www.oliferm.com\/wp-content\/uploads\/2022\/02\/10-1024x1024.jpg 1024w, https:\/\/www.oliferm.com\/wp-content\/uploads\/2022\/02\/10-150x150.jpg 150w, https:\/\/www.oliferm.com\/wp-content\/uploads\/2022\/02\/10-768x768.jpg 768w, https:\/\/www.oliferm.com\/wp-content\/uploads\/2022\/02\/10.jpg 1080w\" sizes=\"auto, (max-width: 600px) 100vw, 600px\" \/><h2 class=\"woocommerce-loop-product__title\">Botella PREMIUM OliFERM<\/h2>\n\t<span class=\"price\"><span class=\"woocommerce-Price-amount amount\"><bdi>15,00&nbsp;<span class=\"woocommerce-Price-currencySymbol\">&euro;<\/span><\/bdi><\/span> <small class=\"woocommerce-price-suffix\">IVA incl.<\/small><\/span>\n<\/a><a href=\"\/es\/wp-json\/wp\/v2\/posts\/209?add-to-cart=262\" aria-describedby=\"woocommerce_loop_add_to_cart_link_describedby_262\" data-quantity=\"1\" class=\"button product_type_simple add_to_cart_button ajax_add_to_cart\" data-product_id=\"262\" data-product_sku=\"\" aria-label=\"A\u00f1adir al carrito: &ldquo;Botella PREMIUM OliFERM&rdquo;\" rel=\"nofollow\" data-success_message=\"\u00abBotella PREMIUM OliFERM\u00bb se ha a\u00f1adido a tu carrito\">A\u00f1adir al carrito<\/a>\t<span id=\"woocommerce_loop_add_to_cart_link_describedby_262\" class=\"screen-reader-text\">\n\t\t\t<\/span>\n<\/li>\n<li class=\"product type-product post-1118 status-publish instock product_cat-aceite-de-oliva-virgen-extra product_tag-aove-es product_tag-calidad-virgen-extra-es product_tag-oli-de-aceituna has-post-thumbnail taxable shipping-taxable purchasable product-type-simple\">\n\t<a href=\"https:\/\/www.oliferm.com\/es\/producte\/garrafa-2l-oliferm-copia\/\" class=\"woocommerce-LoopProduct-link woocommerce-loop-product__link\"><img loading=\"lazy\" decoding=\"async\" width=\"600\" height=\"600\" src=\"https:\/\/www.oliferm.com\/wp-content\/uploads\/2024\/01\/BOT.-1-L-1-600x600.jpg\" class=\"attachment-woocommerce_thumbnail size-woocommerce_thumbnail\" alt=\"Botella pl\u00e1stica de Olifermo de 1L\" srcset=\"https:\/\/www.oliferm.com\/wp-content\/uploads\/2024\/01\/BOT.-1-L-1-600x600.jpg 600w, https:\/\/www.oliferm.com\/wp-content\/uploads\/2024\/01\/BOT.-1-L-1-150x150.jpg 150w, https:\/\/www.oliferm.com\/wp-content\/uploads\/2024\/01\/BOT.-1-L-1-100x100.jpg 100w\" sizes=\"auto, (max-width: 600px) 100vw, 600px\" \/><h2 class=\"woocommerce-loop-product__title\">Garrafa 1L OliFERM<\/h2>\n\t<span class=\"price\"><span class=\"woocommerce-Price-amount amount\"><bdi>9,50&nbsp;<span class=\"woocommerce-Price-currencySymbol\">&euro;<\/span><\/bdi><\/span> <small class=\"woocommerce-price-suffix\">IVA incl.<\/small><\/span>\n<\/a><a href=\"\/es\/wp-json\/wp\/v2\/posts\/209?add-to-cart=1118\" aria-describedby=\"woocommerce_loop_add_to_cart_link_describedby_1118\" data-quantity=\"1\" class=\"button product_type_simple add_to_cart_button ajax_add_to_cart\" data-product_id=\"1118\" data-product_sku=\"\" aria-label=\"A\u00f1adir al carrito: &ldquo;Garrafa 1L OliFERM&rdquo;\" rel=\"nofollow\" data-success_message=\"\u00abGarrafa 1L OliFERM\u00bb se ha a\u00f1adido a tu carrito\">A\u00f1adir al carrito<\/a>\t<span id=\"woocommerce_loop_add_to_cart_link_describedby_1118\" class=\"screen-reader-text\">\n\t\t\t<\/span>\n<\/li>\n<li class=\"product type-product post-248 status-publish last instock product_cat-aceite-de-oliva-virgen-extra has-post-thumbnail taxable shipping-taxable purchasable product-type-simple\">\n\t<a href=\"https:\/\/www.oliferm.com\/es\/producte\/garrafa-2l-oliferm\/\" class=\"woocommerce-LoopProduct-link woocommerce-loop-product__link\"><img loading=\"lazy\" decoding=\"async\" width=\"600\" height=\"600\" src=\"https:\/\/www.oliferm.com\/wp-content\/uploads\/2023\/07\/2l-2-600x600.png\" class=\"attachment-woocommerce_thumbnail size-woocommerce_thumbnail\" alt=\"garrafa de Oliferm de 2l\" srcset=\"https:\/\/www.oliferm.com\/wp-content\/uploads\/2023\/07\/2l-2-600x600.png 600w, https:\/\/www.oliferm.com\/wp-content\/uploads\/2023\/07\/2l-2-150x150.png 150w, https:\/\/www.oliferm.com\/wp-content\/uploads\/2023\/07\/2l-2-100x100.png 100w\" sizes=\"auto, (max-width: 600px) 100vw, 600px\" \/><h2 class=\"woocommerce-loop-product__title\">Garrafa 2L OliFERM<\/h2>\n\t<span class=\"price\"><span class=\"woocommerce-Price-amount amount\"><bdi>18,00&nbsp;<span class=\"woocommerce-Price-currencySymbol\">&euro;<\/span><\/bdi><\/span> <small class=\"woocommerce-price-suffix\">IVA incl.<\/small><\/span>\n<\/a><a href=\"\/es\/wp-json\/wp\/v2\/posts\/209?add-to-cart=248\" aria-describedby=\"woocommerce_loop_add_to_cart_link_describedby_248\" data-quantity=\"1\" class=\"button product_type_simple add_to_cart_button ajax_add_to_cart\" data-product_id=\"248\" data-product_sku=\"\" aria-label=\"A\u00f1adir al carrito: &ldquo;Garrafa 2L OliFERM&rdquo;\" rel=\"nofollow\" data-success_message=\"\u00abGarrafa 2L OliFERM\u00bb se ha a\u00f1adido a tu carrito\">A\u00f1adir al carrito<\/a>\t<span id=\"woocommerce_loop_add_to_cart_link_describedby_248\" class=\"screen-reader-text\">\n\t\t\t<\/span>\n<\/li>\n<li class=\"product type-product post-431 status-publish first outofstock product_cat-aceite-de-oliva-virgen-extra has-post-thumbnail taxable shipping-taxable purchasable product-type-simple\">\n\t<a href=\"https:\/\/www.oliferm.com\/es\/producte\/aceite-del-primer-prensado-2-litros\/\" class=\"woocommerce-LoopProduct-link woocommerce-loop-product__link\"><img loading=\"lazy\" decoding=\"async\" width=\"600\" height=\"600\" src=\"https:\/\/www.oliferm.com\/wp-content\/uploads\/2023\/07\/2l-raig.2-600x600.png\" class=\"attachment-woocommerce_thumbnail size-woocommerce_thumbnail\" alt=\"Garrafa de aceite del chorro de 2l\" srcset=\"https:\/\/www.oliferm.com\/wp-content\/uploads\/2023\/07\/2l-raig.2-600x600.png 600w, https:\/\/www.oliferm.com\/wp-content\/uploads\/2023\/07\/2l-raig.2-150x150.png 150w, https:\/\/www.oliferm.com\/wp-content\/uploads\/2023\/07\/2l-raig.2-100x100.png 100w\" sizes=\"auto, (max-width: 600px) 100vw, 600px\" \/><h2 class=\"woocommerce-loop-product__title\">Garrafa 2L OliFERM &#8216;del raig&#8217;<\/h2>\n\t<span class=\"price\"><span class=\"woocommerce-Price-amount amount\"><bdi>18,00&nbsp;<span class=\"woocommerce-Price-currencySymbol\">&euro;<\/span><\/bdi><\/span> <small class=\"woocommerce-price-suffix\">IVA incl.<\/small><\/span>\n<\/a><a href=\"https:\/\/www.oliferm.com\/es\/producte\/aceite-del-primer-prensado-2-litros\/\" aria-describedby=\"woocommerce_loop_add_to_cart_link_describedby_431\" data-quantity=\"1\" class=\"button product_type_simple\" data-product_id=\"431\" data-product_sku=\"\" aria-label=\"Lee m\u00e1s sobre &ldquo;Garrafa 2L OliFERM &#039;del raig&#039;&rdquo;\" rel=\"nofollow\" data-success_message=\"\">Leer m\u00e1s<\/a>\t<span id=\"woocommerce_loop_add_to_cart_link_describedby_431\" class=\"screen-reader-text\">\n\t\t\t<\/span>\n<\/li>\n<li class=\"product type-product post-247 status-publish instock product_cat-aceite-de-oliva-virgen-extra has-post-thumbnail taxable shipping-taxable purchasable product-type-simple\">\n\t<a href=\"https:\/\/www.oliferm.com\/es\/producte\/garrafa-5l-oliferm\/\" class=\"woocommerce-LoopProduct-link woocommerce-loop-product__link\"><img loading=\"lazy\" decoding=\"async\" width=\"600\" height=\"600\" src=\"https:\/\/www.oliferm.com\/wp-content\/uploads\/2023\/07\/5.2l-600x600.png\" class=\"attachment-woocommerce_thumbnail size-woocommerce_thumbnail\" alt=\"garrafa de OLIFERM de 5L\" srcset=\"https:\/\/www.oliferm.com\/wp-content\/uploads\/2023\/07\/5.2l-600x600.png 600w, https:\/\/www.oliferm.com\/wp-content\/uploads\/2023\/07\/5.2l-150x150.png 150w, https:\/\/www.oliferm.com\/wp-content\/uploads\/2023\/07\/5.2l-100x100.png 100w\" sizes=\"auto, (max-width: 600px) 100vw, 600px\" \/><h2 class=\"woocommerce-loop-product__title\">Garrafa 5L OliFERM<\/h2>\n\t<span class=\"price\"><span class=\"woocommerce-Price-amount amount\"><bdi>43,00&nbsp;<span class=\"woocommerce-Price-currencySymbol\">&euro;<\/span><\/bdi><\/span> <small class=\"woocommerce-price-suffix\">IVA incl.<\/small><\/span>\n<\/a><a href=\"\/es\/wp-json\/wp\/v2\/posts\/209?add-to-cart=247\" aria-describedby=\"woocommerce_loop_add_to_cart_link_describedby_247\" data-quantity=\"1\" class=\"button product_type_simple add_to_cart_button ajax_add_to_cart\" data-product_id=\"247\" data-product_sku=\"\" aria-label=\"A\u00f1adir al carrito: &ldquo;Garrafa 5L OliFERM&rdquo;\" rel=\"nofollow\" data-success_message=\"\u00abGarrafa 5L OliFERM\u00bb se ha a\u00f1adido a tu carrito\">A\u00f1adir al carrito<\/a>\t<span id=\"woocommerce_loop_add_to_cart_link_describedby_247\" class=\"screen-reader-text\">\n\t\t\t<\/span>\n<\/li>\n<li class=\"product type-product post-433 status-publish outofstock product_cat-aceite-de-oliva-virgen-extra has-post-thumbnail taxable shipping-taxable purchasable product-type-simple\">\n\t<a href=\"https:\/\/www.oliferm.com\/es\/producte\/aceite-del-primer-prensado-sin-filtrar\/\" class=\"woocommerce-LoopProduct-link woocommerce-loop-product__link\"><img loading=\"lazy\" decoding=\"async\" width=\"600\" height=\"600\" src=\"https:\/\/www.oliferm.com\/wp-content\/uploads\/2023\/07\/5l-raig2-600x600.png\" class=\"attachment-woocommerce_thumbnail size-woocommerce_thumbnail\" alt=\"Aceite de Rayo garrafa 5l\" srcset=\"https:\/\/www.oliferm.com\/wp-content\/uploads\/2023\/07\/5l-raig2-600x600.png 600w, https:\/\/www.oliferm.com\/wp-content\/uploads\/2023\/07\/5l-raig2-150x150.png 150w, https:\/\/www.oliferm.com\/wp-content\/uploads\/2023\/07\/5l-raig2-100x100.png 100w\" sizes=\"auto, (max-width: 600px) 100vw, 600px\" \/><h2 class=\"woocommerce-loop-product__title\">Garrafa 5L OliFERM &#8216;del raig&#8217;<\/h2>\n\t<span class=\"price\"><span class=\"woocommerce-Price-amount amount\"><bdi>43,00&nbsp;<span class=\"woocommerce-Price-currencySymbol\">&euro;<\/span><\/bdi><\/span> <small class=\"woocommerce-price-suffix\">IVA incl.<\/small><\/span>\n<\/a><a href=\"https:\/\/www.oliferm.com\/es\/producte\/aceite-del-primer-prensado-sin-filtrar\/\" aria-describedby=\"woocommerce_loop_add_to_cart_link_describedby_433\" data-quantity=\"1\" class=\"button product_type_simple\" data-product_id=\"433\" data-product_sku=\"\" aria-label=\"Lee m\u00e1s sobre &ldquo;Garrafa 5L OliFERM &#039;del raig&#039;&rdquo;\" rel=\"nofollow\" data-success_message=\"\">Leer m\u00e1s<\/a>\t<span id=\"woocommerce_loop_add_to_cart_link_describedby_433\" class=\"screen-reader-text\">\n\t\t\t<\/span>\n<\/li>\n<\/ul>\n<\/div>\n","protected":false},"excerpt":{"rendered":"","protected":false},"author":1,"featured_media":78,"comment_status":"open","ping_status":"open","sticky":false,"template":"","format":"standard","meta":{"_acf_changed":false,"footnotes":""},"categories":[32],"tags":[],"class_list":["post-209","post","type-post","status-publish","format-standard","has-post-thumbnail","hentry","category-producto"],"acf":[],"yoast_head":"<!-- This site is optimized with the Yoast SEO plugin v27.5 - https:\/\/yoast.com\/product\/yoast-seo-wordpress\/ -->\n<title>Aceite de Oliva virgen extra - OliFERM - Oli d&#039;Oliva Verge Extra<\/title>\n<meta name=\"robots\" content=\"noindex, follow\" \/>\n<meta property=\"og:locale\" content=\"es_ES\" \/>\n<meta property=\"og:type\" content=\"article\" \/>\n<meta property=\"og:title\" content=\"Aceite de Oliva virgen extra - OliFERM - Oli d&#039;Oliva Verge Extra\" \/>\n<meta property=\"og:url\" content=\"https:\/\/www.oliferm.com\/es\/?p=209\" \/>\n<meta property=\"og:site_name\" content=\"OliFERM - Oli d&#039;Oliva Verge Extra\" \/>\n<meta property=\"article:publisher\" content=\"https:\/\/www.facebook.com\/oliferm\" \/>\n<meta property=\"article:published_time\" content=\"2022-06-13T09:25:11+00:00\" \/>\n<meta property=\"article:modified_time\" content=\"2025-07-22T08:12:09+00:00\" \/>\n<meta property=\"og:image\" content=\"https:\/\/www.oliferm.com\/wp-content\/uploads\/2022\/02\/oli_98b9915a-5017-4462-8bcf-703f79bfbbf6_2260x.png\" \/>\n\t<meta property=\"og:image:width\" content=\"2260\" \/>\n\t<meta property=\"og:image:height\" content=\"1374\" \/>\n\t<meta property=\"og:image:type\" content=\"image\/png\" \/>\n<meta name=\"author\" content=\"Oriol Piqu\u00e9 Vallverd\u00fa\" \/>\n<meta name=\"twitter:card\" content=\"summary_large_image\" \/>\n<meta name=\"twitter:label1\" content=\"Escrito por\" \/>\n\t<meta name=\"twitter:data1\" content=\"Oriol Piqu\u00e9 Vallverd\u00fa\" \/>\n\t<meta name=\"twitter:label2\" content=\"Tiempo de lectura\" \/>\n\t<meta name=\"twitter:data2\" content=\"1 minuto\" \/>\n<!-- \/ Yoast SEO plugin. -->","yoast_head_json":{"title":"Aceite de Oliva virgen extra - OliFERM - Oli d&#039;Oliva Verge Extra","robots":{"index":"noindex","follow":"follow"},"og_locale":"es_ES","og_type":"article","og_title":"Aceite de Oliva virgen extra - OliFERM - Oli d&#039;Oliva Verge Extra","og_url":"https:\/\/www.oliferm.com\/es\/?p=209","og_site_name":"OliFERM - Oli d&#039;Oliva Verge Extra","article_publisher":"https:\/\/www.facebook.com\/oliferm","article_published_time":"2022-06-13T09:25:11+00:00","article_modified_time":"2025-07-22T08:12:09+00:00","og_image":[{"width":2260,"height":1374,"url":"https:\/\/www.oliferm.com\/wp-content\/uploads\/2022\/02\/oli_98b9915a-5017-4462-8bcf-703f79bfbbf6_2260x.png","type":"image\/png"}],"author":"Oriol Piqu\u00e9 Vallverd\u00fa","twitter_card":"summary_large_image","twitter_misc":{"Escrito por":"Oriol Piqu\u00e9 Vallverd\u00fa","Tiempo de lectura":"1 minuto"},"schema":{"@context":"https:\/\/schema.org","@graph":[{"@type":"Article","@id":"https:\/\/www.oliferm.com\/es\/?p=209#article","isPartOf":{"@id":"https:\/\/www.oliferm.com\/es\/?p=209"},"author":{"name":"Oriol Piqu\u00e9 Vallverd\u00fa","@id":"https:\/\/www.oliferm.com\/#\/schema\/person\/876a7a3703edbaba66b2834f7e06e2c4"},"headline":"Aceite de Oliva virgen extra","datePublished":"2022-06-13T09:25:11+00:00","dateModified":"2025-07-22T08:12:09+00:00","mainEntityOfPage":{"@id":"https:\/\/www.oliferm.com\/es\/?p=209"},"wordCount":8,"commentCount":0,"publisher":{"@id":"https:\/\/www.oliferm.com\/#organization"},"image":{"@id":"https:\/\/www.oliferm.com\/es\/?p=209#primaryimage"},"thumbnailUrl":"https:\/\/www.oliferm.com\/wp-content\/uploads\/2022\/02\/oli_98b9915a-5017-4462-8bcf-703f79bfbbf6_2260x.png","articleSection":["Producto"],"inLanguage":"es","potentialAction":[{"@type":"CommentAction","name":"Comment","target":["https:\/\/www.oliferm.com\/es\/?p=209#respond"]}]},{"@type":"WebPage","@id":"https:\/\/www.oliferm.com\/es\/?p=209","url":"https:\/\/www.oliferm.com\/es\/?p=209","name":"Aceite de Oliva virgen extra - OliFERM - Oli d&#039;Oliva Verge Extra","isPartOf":{"@id":"https:\/\/www.oliferm.com\/#website"},"primaryImageOfPage":{"@id":"https:\/\/www.oliferm.com\/es\/?p=209#primaryimage"},"image":{"@id":"https:\/\/www.oliferm.com\/es\/?p=209#primaryimage"},"thumbnailUrl":"https:\/\/www.oliferm.com\/wp-content\/uploads\/2022\/02\/oli_98b9915a-5017-4462-8bcf-703f79bfbbf6_2260x.png","datePublished":"2022-06-13T09:25:11+00:00","dateModified":"2025-07-22T08:12:09+00:00","breadcrumb":{"@id":"https:\/\/www.oliferm.com\/es\/?p=209#breadcrumb"},"inLanguage":"es","potentialAction":[{"@type":"ReadAction","target":["https:\/\/www.oliferm.com\/es\/?p=209"]}]},{"@type":"ImageObject","inLanguage":"es","@id":"https:\/\/www.oliferm.com\/es\/?p=209#primaryimage","url":"https:\/\/www.oliferm.com\/wp-content\/uploads\/2022\/02\/oli_98b9915a-5017-4462-8bcf-703f79bfbbf6_2260x.png","contentUrl":"https:\/\/www.oliferm.com\/wp-content\/uploads\/2022\/02\/oli_98b9915a-5017-4462-8bcf-703f79bfbbf6_2260x.png","width":2260,"height":1374,"caption":"Presentacion de formatos de aceite de oliva OliFERM"},{"@type":"BreadcrumbList","@id":"https:\/\/www.oliferm.com\/es\/?p=209#breadcrumb","itemListElement":[{"@type":"ListItem","position":1,"name":"Inici","item":"https:\/\/www.oliferm.com\/es\/"},{"@type":"ListItem","position":2,"name":"Aceite de Oliva virgen extra"}]},{"@type":"WebSite","@id":"https:\/\/www.oliferm.com\/#website","url":"https:\/\/www.oliferm.com\/","name":"OliFERM - Oli d&#039;Oliva Verge Extra","description":"Cooperativa de Castelldans","publisher":{"@id":"https:\/\/www.oliferm.com\/#organization"},"potentialAction":[{"@type":"SearchAction","target":{"@type":"EntryPoint","urlTemplate":"https:\/\/www.oliferm.com\/?s={search_term_string}"},"query-input":{"@type":"PropertyValueSpecification","valueRequired":true,"valueName":"search_term_string"}}],"inLanguage":"es"},{"@type":"Organization","@id":"https:\/\/www.oliferm.com\/#organization","name":"OliFERM - Cooperativa de Castelldans","url":"https:\/\/www.oliferm.com\/","logo":{"@type":"ImageObject","inLanguage":"es","@id":"https:\/\/www.oliferm.com\/#\/schema\/logo\/image\/","url":"https:\/\/www.oliferm.com\/wp-content\/uploads\/2022\/02\/logo-ppal.png","contentUrl":"https:\/\/www.oliferm.com\/wp-content\/uploads\/2022\/02\/logo-ppal.png","width":700,"height":542,"caption":"OliFERM - Cooperativa de Castelldans"},"image":{"@id":"https:\/\/www.oliferm.com\/#\/schema\/logo\/image\/"},"sameAs":["https:\/\/www.facebook.com\/oliferm","https:\/\/www.instagram.com\/cooperativacastelldans\/"]},{"@type":"Person","@id":"https:\/\/www.oliferm.com\/#\/schema\/person\/876a7a3703edbaba66b2834f7e06e2c4","name":"Oriol Piqu\u00e9 Vallverd\u00fa","image":{"@type":"ImageObject","inLanguage":"es","@id":"https:\/\/secure.gravatar.com\/avatar\/5421ccef93dd458d871fe615829633b9c46cab422671c938b5c760414a8a10c1?s=96&d=mm&r=g","url":"https:\/\/secure.gravatar.com\/avatar\/5421ccef93dd458d871fe615829633b9c46cab422671c938b5c760414a8a10c1?s=96&d=mm&r=g","contentUrl":"https:\/\/secure.gravatar.com\/avatar\/5421ccef93dd458d871fe615829633b9c46cab422671c938b5c760414a8a10c1?s=96&d=mm&r=g","caption":"Oriol Piqu\u00e9 Vallverd\u00fa"},"sameAs":["http:\/\/www.oliferm.com"]}]}},"_links":{"self":[{"href":"https:\/\/www.oliferm.com\/es\/wp-json\/wp\/v2\/posts\/209","targetHints":{"allow":["GET"]}}],"collection":[{"href":"https:\/\/www.oliferm.com\/es\/wp-json\/wp\/v2\/posts"}],"about":[{"href":"https:\/\/www.oliferm.com\/es\/wp-json\/wp\/v2\/types\/post"}],"author":[{"embeddable":true,"href":"https:\/\/www.oliferm.com\/es\/wp-json\/wp\/v2\/users\/1"}],"replies":[{"embeddable":true,"href":"https:\/\/www.oliferm.com\/es\/wp-json\/wp\/v2\/comments?post=209"}],"version-history":[{"count":0,"href":"https:\/\/www.oliferm.com\/es\/wp-json\/wp\/v2\/posts\/209\/revisions"}],"wp:featuredmedia":[{"embeddable":true,"href":"https:\/\/www.oliferm.com\/es\/wp-json\/wp\/v2\/media\/78"}],"wp:attachment":[{"href":"https:\/\/www.oliferm.com\/es\/wp-json\/wp\/v2\/media?parent=209"}],"wp:term":[{"taxonomy":"category","embeddable":true,"href":"https:\/\/www.oliferm.com\/es\/wp-json\/wp\/v2\/categories?post=209"},{"taxonomy":"post_tag","embeddable":true,"href":"https:\/\/www.oliferm.com\/es\/wp-json\/wp\/v2\/tags?post=209"}],"curies":[{"name":"wp","href":"https:\/\/api.w.org\/{rel}","templated":true}]}}