{"id":2122,"date":"2024-09-05T11:32:22","date_gmt":"2024-09-05T11:32:22","guid":{"rendered":"https:\/\/www.oliferm.com\/empieza-la-magia-en-los-olivares-de-castelldans\/"},"modified":"2025-07-22T08:12:26","modified_gmt":"2025-07-22T08:12:26","slug":"empieza-la-magia-en-los-olivares-de-castelldans","status":"publish","type":"post","link":"https:\/\/www.oliferm.com\/es\/empieza-la-magia-en-los-olivares-de-castelldans\/","title":{"rendered":"Empieza la magia en los olivares de Castelldans"},"content":{"rendered":"\n<h2 class=\"wp-block-heading\">El envero<\/h2>\n\n<p>Empieza <a href=\"https:\/\/www.instagram.com\/reel\/C_zpImmh-GC\/\">la magia del enverament en las tierras de Castelldans<\/a> , un peque\u00f1o rinc\u00f3n de la provincia de Lleida conocido por su rica tradici\u00f3n olivarera. Bajo el c\u00e1lido sol de oto\u00f1o, los olivares de Arbequina se visten de gala, dando inicio a uno de los momentos m\u00e1s esperados del ciclo anual de la aceituna: el envero. Este proceso marca la transici\u00f3n de las aceitunas, que pasan del verde vibrante al p\u00farpura intenso, una fase crucial en su maduraci\u00f3n y en la calidad del aceite que se obtendr\u00e1. Sin duda, el enverament es un espect\u00e1culo natural que no deja indiferente a quien lo observa de cerca.   <\/p>\n\n<h2 class=\"wp-block-heading\">Del verde al p\u00farpura<\/h2>\n\n<p>Durante los meses de verano, las peque\u00f1as aceitunas Arbequina se han mantenido verdes y firmes en las ramas, absorbiendo la energ\u00eda del sol y los nutrientes de la tierra. Sin embargo, a medida que el oto\u00f1o avanza, las aceitunas comienzan a transformarse. Esta transformaci\u00f3n, lenta pero constante, parece casi un hechizo natural. Poco a poco, sus tonos van cambiando del verde intenso a una p\u00farpura profunda, una se\u00f1al inequ\u00edvoca de que la cosecha est\u00e1 cada vez m\u00e1s cerca.   <\/p>\n\n<p><\/p>\n\n<figure class=\"wp-block-image size-large\"><img loading=\"lazy\" decoding=\"async\" width=\"1024\" height=\"576\" src=\"https:\/\/www.oliferm.com\/wp-content\/uploads\/2024\/09\/12-1-1024x576.png\" alt=\"el envero - envero\" class=\"wp-image-2102\" srcset=\"https:\/\/www.oliferm.com\/wp-content\/uploads\/2024\/09\/12-1-1024x576.png 1024w, https:\/\/www.oliferm.com\/wp-content\/uploads\/2024\/09\/12-1-300x169.png 300w, https:\/\/www.oliferm.com\/wp-content\/uploads\/2024\/09\/12-1-768x432.png 768w, https:\/\/www.oliferm.com\/wp-content\/uploads\/2024\/09\/12-1-600x337.png 600w, https:\/\/www.oliferm.com\/wp-content\/uploads\/2024\/09\/12-1.png 1366w\" sizes=\"auto, (max-width: 1024px) 100vw, 1024px\" \/><\/figure>\n\n<h2 class=\"wp-block-heading\">El enverdecimiento, clave para la calidad del aceite<\/h2>\n\n<p>Es precisamente durante el envero cuando Arbequina empieza a revelar su verdadero car\u00e1cter. A medida que las aceitunas cambian de color, tambi\u00e9n comienzan a acumular en su interior el preciado aceite. \u00c9ste es el momento clave en el que los sabores y aromas que caracterizan el aceite virgen extra de la regi\u00f3n comienzan a tomar forma. El aire se llena de un suave y embriagador aroma, mezcla de tierra h\u00fameda y frutos maduros, que anticipa lo que ser\u00e1 una de las mejores cosechas del a\u00f1o.   <\/p>\n\n<h2 class=\"wp-block-heading\">Un espect\u00e1culo natural en los olivares de Castelldans<\/h2>\n\n<p>Adem\u00e1s, pasear entre los olivares de Castelldans durante el envero es una experiencia \u00fanica. El paisaje se transforma en un espect\u00e1culo visual y olfativo. Entre colinas doradas y cielos despejados, los olivares ofrecen una vista majestuosa que refleja la belleza de este proceso natural. Cada aceituna es una promesa de l\u00edquido de oro, y en su lenta transici\u00f3n hay algo casi po\u00e9tico: la paciencia y el trabajo meticuloso de los agricultores, la sabidur\u00eda transmitida de generaci\u00f3n en generaci\u00f3n, y el poder inmutable del tiempo, que en esta fase del ciclo de la aceituna se hace m\u00e1s evidente que nunca.   <\/p>\n\n<h2 class=\"wp-block-heading\">La paciencia y dedicaci\u00f3n de los agricultores<\/h2>\n\n<p>Por todo ello, el enverament es un momento crucial en el ciclo del olivo y una oportunidad para conectarse con la naturaleza y valorar el trabajo que hay detr\u00e1s de cada gota de aceite. Este proceso esconde una complejidad y un significado profundo que s\u00f3lo aquellos que conocen bien la tierra y sus frutos pueden apreciar. <\/p>\n\n<p><\/p>\n\n<figure class=\"wp-block-image size-large\"><img loading=\"lazy\" decoding=\"async\" width=\"1024\" height=\"576\" src=\"https:\/\/www.oliferm.com\/wp-content\/uploads\/2024\/09\/11-1-1024x576.png\" alt=\"el envero - envero\" class=\"wp-image-2107\" srcset=\"https:\/\/www.oliferm.com\/wp-content\/uploads\/2024\/09\/11-1-1024x576.png 1024w, https:\/\/www.oliferm.com\/wp-content\/uploads\/2024\/09\/11-1-300x169.png 300w, https:\/\/www.oliferm.com\/wp-content\/uploads\/2024\/09\/11-1-768x432.png 768w, https:\/\/www.oliferm.com\/wp-content\/uploads\/2024\/09\/11-1-600x337.png 600w, https:\/\/www.oliferm.com\/wp-content\/uploads\/2024\/09\/11-1.png 1366w\" sizes=\"auto, (max-width: 1024px) 100vw, 1024px\" \/><\/figure>\n\n<h2 class=\"wp-block-heading\">El enverdimiento: tradici\u00f3n y respeto por la tierra<\/h2>\n\n<p>As\u00ed pues, comienza la magia del enveramiento, el preludio perfecto para una cosecha que, como cada a\u00f1o, llenar\u00e1 de orgullo los campos de Castelldans.  <\/p>\n\n<p>A medida que las aceitunas contin\u00faan su metamorfosis, los agricultores se preparan para recoger lo que ser\u00e1 sin duda una cosecha excepcional. En este rinc\u00f3n de Catalu\u00f1a, el enverament es m\u00e1s que una fase del ciclo del olivo, es un s\u00edmbolo de tradici\u00f3n, dedicaci\u00f3n y respeto por la tierra. <\/p>\n\n<h2 class=\"wp-block-heading\"><\/h2>\n\n<p><\/p>\n","protected":false},"excerpt":{"rendered":"<p>El envero Empieza la magia del enverament en las tierras de Castelldans , un peque\u00f1o rinc\u00f3n de la provincia de Lleida conocido por su rica tradici\u00f3n olivarera. Bajo el c\u00e1lido sol de oto\u00f1o, los olivares de Arbequina se visten de gala, dando inicio a uno de los momentos m\u00e1s esperados del ciclo anual de la [&hellip;]<\/p>\n","protected":false},"author":3,"featured_media":2101,"comment_status":"open","ping_status":"open","sticky":false,"template":"","format":"standard","meta":{"_acf_changed":false,"footnotes":""},"categories":[98],"tags":[223,225,131,220,222,221],"class_list":["post-2122","post","type-post","status-publish","format-standard","has-post-thumbnail","hentry","category-blog","tag-aceite-de-oliva-es","tag-aceite-de-oliva-es-2","tag-aove-es","tag-castelldans-es","tag-cataluna","tag-cooperativas-de-aceite-de-oliva-de-cataluna"],"acf":[],"yoast_head":"<!-- This site is optimized with the Yoast SEO plugin v27.5 - https:\/\/yoast.com\/product\/yoast-seo-wordpress\/ -->\n<title>El enverament - OliFERM - Oli d&#039;Oliva Verge Extra<\/title>\n<meta name=\"description\" content=\"As\u00ed, comienza la magia del enveramiento, el preludio perfecto para una cosecha que, como cada a\u00f1o, llenar\u00e1 de orgullo los campos de Castelldans.\" \/>\n<meta name=\"robots\" content=\"noindex, follow\" \/>\n<meta property=\"og:locale\" content=\"es_ES\" \/>\n<meta property=\"og:type\" content=\"article\" \/>\n<meta property=\"og:title\" content=\"El enverament - OliFERM - Oli d&#039;Oliva Verge Extra\" \/>\n<meta property=\"og:description\" content=\"As\u00ed, comienza la magia del enveramiento, el preludio perfecto para una cosecha que, como cada a\u00f1o, llenar\u00e1 de orgullo los campos de Castelldans.\" \/>\n<meta property=\"og:url\" content=\"https:\/\/www.oliferm.com\/es\/?p=2122\" \/>\n<meta property=\"og:site_name\" content=\"OliFERM - Oli d&#039;Oliva Verge Extra\" \/>\n<meta property=\"article:publisher\" content=\"https:\/\/www.facebook.com\/oliferm\" \/>\n<meta property=\"article:published_time\" content=\"2024-09-05T11:32:22+00:00\" \/>\n<meta property=\"article:modified_time\" content=\"2025-07-22T08:12:26+00:00\" \/>\n<meta property=\"og:image\" content=\"https:\/\/www.oliferm.com\/wp-content\/uploads\/2024\/09\/13.png\" \/>\n\t<meta property=\"og:image:width\" content=\"1366\" \/>\n\t<meta property=\"og:image:height\" content=\"768\" \/>\n\t<meta property=\"og:image:type\" content=\"image\/png\" \/>\n<meta name=\"author\" content=\"Carola L\u00f3pez\" \/>\n<meta name=\"twitter:card\" content=\"summary_large_image\" \/>\n<meta name=\"twitter:label1\" content=\"Escrito por\" \/>\n\t<meta name=\"twitter:data1\" content=\"Carola L\u00f3pez\" \/>\n\t<meta name=\"twitter:label2\" content=\"Tiempo de lectura\" \/>\n\t<meta name=\"twitter:data2\" content=\"3 minutos\" \/>\n<!-- \/ Yoast SEO plugin. -->","yoast_head_json":{"title":"El enverament - OliFERM - Oli d&#039;Oliva Verge Extra","description":"As\u00ed, comienza la magia del enveramiento, el preludio perfecto para una cosecha que, como cada a\u00f1o, llenar\u00e1 de orgullo los campos de Castelldans.","robots":{"index":"noindex","follow":"follow"},"og_locale":"es_ES","og_type":"article","og_title":"El enverament - OliFERM - Oli d&#039;Oliva Verge Extra","og_description":"As\u00ed, comienza la magia del enveramiento, el preludio perfecto para una cosecha que, como cada a\u00f1o, llenar\u00e1 de orgullo los campos de Castelldans.","og_url":"https:\/\/www.oliferm.com\/es\/?p=2122","og_site_name":"OliFERM - Oli d&#039;Oliva Verge Extra","article_publisher":"https:\/\/www.facebook.com\/oliferm","article_published_time":"2024-09-05T11:32:22+00:00","article_modified_time":"2025-07-22T08:12:26+00:00","og_image":[{"width":1366,"height":768,"url":"https:\/\/www.oliferm.com\/wp-content\/uploads\/2024\/09\/13.png","type":"image\/png"}],"author":"Carola L\u00f3pez","twitter_card":"summary_large_image","twitter_misc":{"Escrito por":"Carola L\u00f3pez","Tiempo de lectura":"3 minutos"},"schema":{"@context":"https:\/\/schema.org","@graph":[{"@type":"Article","@id":"https:\/\/www.oliferm.com\/es\/?p=2122#article","isPartOf":{"@id":"https:\/\/www.oliferm.com\/es\/?p=2122"},"author":{"name":"Carola L\u00f3pez","@id":"https:\/\/www.oliferm.com\/#\/schema\/person\/723f902ae2010922288294ed65952a26"},"headline":"Empieza la magia en los olivares de Castelldans","datePublished":"2024-09-05T11:32:22+00:00","dateModified":"2025-07-22T08:12:26+00:00","mainEntityOfPage":{"@id":"https:\/\/www.oliferm.com\/es\/?p=2122"},"wordCount":586,"commentCount":0,"publisher":{"@id":"https:\/\/www.oliferm.com\/#organization"},"image":{"@id":"https:\/\/www.oliferm.com\/es\/?p=2122#primaryimage"},"thumbnailUrl":"https:\/\/www.oliferm.com\/wp-content\/uploads\/2024\/09\/13.png","keywords":["aceite de oliva","aceite de oliva","aove","Castelldans","catalu\u00f1a","cooperativas de aceite de oliva de Catalu\u00f1a"],"articleSection":["Blog"],"inLanguage":"es","potentialAction":[{"@type":"CommentAction","name":"Comment","target":["https:\/\/www.oliferm.com\/es\/?p=2122#respond"]}]},{"@type":"WebPage","@id":"https:\/\/www.oliferm.com\/es\/?p=2122","url":"https:\/\/www.oliferm.com\/es\/?p=2122","name":"El enverament - OliFERM - Oli d&#039;Oliva Verge Extra","isPartOf":{"@id":"https:\/\/www.oliferm.com\/#website"},"primaryImageOfPage":{"@id":"https:\/\/www.oliferm.com\/es\/?p=2122#primaryimage"},"image":{"@id":"https:\/\/www.oliferm.com\/es\/?p=2122#primaryimage"},"thumbnailUrl":"https:\/\/www.oliferm.com\/wp-content\/uploads\/2024\/09\/13.png","datePublished":"2024-09-05T11:32:22+00:00","dateModified":"2025-07-22T08:12:26+00:00","description":"As\u00ed, comienza la magia del enveramiento, el preludio perfecto para una cosecha que, como cada a\u00f1o, llenar\u00e1 de orgullo los campos de Castelldans.","breadcrumb":{"@id":"https:\/\/www.oliferm.com\/es\/?p=2122#breadcrumb"},"inLanguage":"es","potentialAction":[{"@type":"ReadAction","target":["https:\/\/www.oliferm.com\/es\/?p=2122"]}]},{"@type":"ImageObject","inLanguage":"es","@id":"https:\/\/www.oliferm.com\/es\/?p=2122#primaryimage","url":"https:\/\/www.oliferm.com\/wp-content\/uploads\/2024\/09\/13.png","contentUrl":"https:\/\/www.oliferm.com\/wp-content\/uploads\/2024\/09\/13.png","width":1366,"height":768,"caption":"l'enverament - envero"},{"@type":"BreadcrumbList","@id":"https:\/\/www.oliferm.com\/es\/?p=2122#breadcrumb","itemListElement":[{"@type":"ListItem","position":1,"name":"Inici","item":"https:\/\/www.oliferm.com\/es\/"},{"@type":"ListItem","position":2,"name":"Empieza la magia en los olivares de Castelldans"}]},{"@type":"WebSite","@id":"https:\/\/www.oliferm.com\/#website","url":"https:\/\/www.oliferm.com\/","name":"OliFERM - Oli d&#039;Oliva Verge Extra","description":"Cooperativa de Castelldans","publisher":{"@id":"https:\/\/www.oliferm.com\/#organization"},"potentialAction":[{"@type":"SearchAction","target":{"@type":"EntryPoint","urlTemplate":"https:\/\/www.oliferm.com\/?s={search_term_string}"},"query-input":{"@type":"PropertyValueSpecification","valueRequired":true,"valueName":"search_term_string"}}],"inLanguage":"es"},{"@type":"Organization","@id":"https:\/\/www.oliferm.com\/#organization","name":"OliFERM - Cooperativa de Castelldans","url":"https:\/\/www.oliferm.com\/","logo":{"@type":"ImageObject","inLanguage":"es","@id":"https:\/\/www.oliferm.com\/#\/schema\/logo\/image\/","url":"https:\/\/www.oliferm.com\/wp-content\/uploads\/2022\/02\/logo-ppal.png","contentUrl":"https:\/\/www.oliferm.com\/wp-content\/uploads\/2022\/02\/logo-ppal.png","width":700,"height":542,"caption":"OliFERM - Cooperativa de Castelldans"},"image":{"@id":"https:\/\/www.oliferm.com\/#\/schema\/logo\/image\/"},"sameAs":["https:\/\/www.facebook.com\/oliferm","https:\/\/www.instagram.com\/cooperativacastelldans\/"]},{"@type":"Person","@id":"https:\/\/www.oliferm.com\/#\/schema\/person\/723f902ae2010922288294ed65952a26","name":"Carola L\u00f3pez","image":{"@type":"ImageObject","inLanguage":"es","@id":"https:\/\/secure.gravatar.com\/avatar\/5fe445f9f8c59aea6b1f7126f00fceb51b48c675db117c8bcd06fa16b32664f2?s=96&d=mm&r=g","url":"https:\/\/secure.gravatar.com\/avatar\/5fe445f9f8c59aea6b1f7126f00fceb51b48c675db117c8bcd06fa16b32664f2?s=96&d=mm&r=g","contentUrl":"https:\/\/secure.gravatar.com\/avatar\/5fe445f9f8c59aea6b1f7126f00fceb51b48c675db117c8bcd06fa16b32664f2?s=96&d=mm&r=g","caption":"Carola L\u00f3pez"}}]}},"_links":{"self":[{"href":"https:\/\/www.oliferm.com\/es\/wp-json\/wp\/v2\/posts\/2122","targetHints":{"allow":["GET"]}}],"collection":[{"href":"https:\/\/www.oliferm.com\/es\/wp-json\/wp\/v2\/posts"}],"about":[{"href":"https:\/\/www.oliferm.com\/es\/wp-json\/wp\/v2\/types\/post"}],"author":[{"embeddable":true,"href":"https:\/\/www.oliferm.com\/es\/wp-json\/wp\/v2\/users\/3"}],"replies":[{"embeddable":true,"href":"https:\/\/www.oliferm.com\/es\/wp-json\/wp\/v2\/comments?post=2122"}],"version-history":[{"count":0,"href":"https:\/\/www.oliferm.com\/es\/wp-json\/wp\/v2\/posts\/2122\/revisions"}],"wp:featuredmedia":[{"embeddable":true,"href":"https:\/\/www.oliferm.com\/es\/wp-json\/wp\/v2\/media\/2101"}],"wp:attachment":[{"href":"https:\/\/www.oliferm.com\/es\/wp-json\/wp\/v2\/media?parent=2122"}],"wp:term":[{"taxonomy":"category","embeddable":true,"href":"https:\/\/www.oliferm.com\/es\/wp-json\/wp\/v2\/categories?post=2122"},{"taxonomy":"post_tag","embeddable":true,"href":"https:\/\/www.oliferm.com\/es\/wp-json\/wp\/v2\/tags?post=2122"}],"curies":[{"name":"wp","href":"https:\/\/api.w.org\/{rel}","templated":true}]}}