{"id":2820,"date":"2025-04-14T04:51:43","date_gmt":"2025-04-14T04:51:43","guid":{"rendered":"https:\/\/www.oliferm.com\/5-usos-sorprendentes-del-aceite-de-oliva-de-castelldans-fuera-de-la-cocina\/"},"modified":"2025-04-14T05:11:07","modified_gmt":"2025-04-14T05:11:07","slug":"5-usos-sorprendentes-del-aceite-de-oliva-de-castelldans-fuera-de-la-cocina","status":"publish","type":"post","link":"https:\/\/www.oliferm.com\/es\/5-usos-sorprendentes-del-aceite-de-oliva-de-castelldans-fuera-de-la-cocina\/","title":{"rendered":"5 usos sorprendentes del aceite de oliva de Castelldans fuera de la cocina"},"content":{"rendered":"\n<h2 class=\"wp-block-heading\">El aceite de oliva de Castelldans: mucho m\u00e1s que un ingrediente<\/h2>\n\n<p>Cuando pensamos en aceite de oliva, a menudo lo relacionamos con ensaladas, pan con tomate o platos tradicionales. Pero <a href=\"https:\/\/www.oliferm.com\/es\/\">Oliferm<\/a> el <strong>aceite de oliva de Castelldans<\/strong> , elaborado con esmero y tradici\u00f3n, tiene muchos m\u00e1s usos que van m\u00e1s all\u00e1 de los fogones. A continuaci\u00f3n, te presentamos algunas aplicaciones sorprendentes que pueden hacerte la vida m\u00e1s natural, pr\u00e1ctica y sostenible.  <\/p>\n\n<h3 class=\"wp-block-heading\">Hidratar la piel de forma natural<\/h3>\n\n<p>El aceite de oliva virgen extra es un excelente hidratante para zonas secas como codos, manos o tacones. Con s\u00f3lo unas gotas, puedes nutrir tu piel sin aditivos qu\u00edmicos. Es especialmente \u00fatil despu\u00e9s de trabajar al aire libre o en invierno.  <\/p>\n\n<h3 class=\"wp-block-heading\">Tratamiento para el cabello<\/h3>\n\n<p>Si tienes las puntas secas o el cuero cabelludo reseco, una peque\u00f1a cantidad de aceite de oliva calentado ligeramente puede actuar como una m\u00e1scara capilar reparadora. D\u00e9jalo actuar 20 minutos y l\u00e1valo con tu champ\u00fa habitual. <\/p>\n\n<h3 class=\"wp-block-heading\">Limpiar madera y muebles antiguos<\/h3>\n\n<p>Una mezcla de aceite de oliva con unas gotas de lim\u00f3n crea un limpiador natural para superficies de madera. No s\u00f3lo limpia, sino que tambi\u00e9n nutre la madera y le devuelve el brillo original. <\/p>\n\n<h3 class=\"wp-block-heading\">Evitar el \u00f3xido en utensilios de metal<\/h3>\n\n<p>Fregar un trapo con unas gotas de aceite sobre cuchillos, tijeras u otros utensilios met\u00e1licos puede prevenir la oxidaci\u00f3n. Es un truco cl\u00e1sico que muchos abuelos de Castelldans todav\u00eda utilizan hoy. <\/p>\n\n<h3 class=\"wp-block-heading\">Desmaquillante suave y ecol\u00f3gico<\/h3>\n\n<p>Si buscas una alternativa natural a los productos desmaquillantes comerciales, <a href=\"http:\/\/nstagram.com\/p\/C7D-W5jBGct\/?img_index=1\">el aceite de oliva es ideal<\/a> para eliminar maquillaje, incluso waterproof, sin irritar tu piel.<\/p>\n\n<h2 class=\"wp-block-heading\">Un aceite con alma y m\u00faltiples usos<\/h2>\n\n<p>El <strong>aceite de oliva de Castelldans<\/strong> , elaborado artesanalmente con aceitunas arbequinas y prensado en fr\u00edo, no s\u00f3lo da sabor a tus platos. Tambi\u00e9n te conecta con un estilo de vida m\u00e1s saludable, sostenible y arraigado en la tierra. <\/p>\n\n<h3 class=\"wp-block-heading\">\u00bfTe animas a probar alguno de estos usos?<\/h3>\n\n<p>\u00a1Comparte con nosotros cu\u00e1l te ha sorprendido m\u00e1s o si conoces alg\u00fan truco que no hemos mencionado!<\/p>\n","protected":false},"excerpt":{"rendered":"<p>El aceite de oliva de Castelldans: mucho m\u00e1s que un ingrediente Cuando pensamos en aceite de oliva, a menudo lo relacionamos con ensaladas, pan con tomate o platos tradicionales. Pero Oliferm el aceite de oliva de Castelldans , elaborado con esmero y tradici\u00f3n, tiene muchos m\u00e1s usos que van m\u00e1s all\u00e1 de los fogones. A [&hellip;]<\/p>\n","protected":false},"author":3,"featured_media":2809,"comment_status":"open","ping_status":"open","sticky":false,"template":"","format":"standard","meta":{"_acf_changed":false,"footnotes":""},"categories":[98],"tags":[220],"class_list":["post-2820","post","type-post","status-publish","format-standard","has-post-thumbnail","hentry","category-blog","tag-castelldans-es"],"acf":[],"yoast_head":"<!-- This site is optimized with the Yoast SEO plugin v27.5 - https:\/\/yoast.com\/product\/yoast-seo-wordpress\/ -->\n<title>5 usos sorprendentes del aceite de oliva de Castelldans fuera de la cocina - OliFERM - Oli d&#039;Oliva Verge Extra<\/title>\n<meta name=\"description\" content=\"El aceite de oliva de Castelldans, elaborado con esmero y tradici\u00f3n, tiene muchos m\u00e1s usos que van m\u00e1s all\u00e1 de los fogones.\" \/>\n<meta name=\"robots\" content=\"noindex, follow\" \/>\n<meta property=\"og:locale\" content=\"es_ES\" \/>\n<meta property=\"og:type\" content=\"article\" \/>\n<meta property=\"og:title\" content=\"5 usos sorprendentes del aceite de oliva de Castelldans fuera de la cocina - OliFERM - Oli d&#039;Oliva Verge Extra\" \/>\n<meta property=\"og:description\" content=\"El aceite de oliva de Castelldans, elaborado con esmero y tradici\u00f3n, tiene muchos m\u00e1s usos que van m\u00e1s all\u00e1 de los fogones.\" \/>\n<meta property=\"og:url\" content=\"https:\/\/www.oliferm.com\/es\/?p=2820\" \/>\n<meta property=\"og:site_name\" content=\"OliFERM - Oli d&#039;Oliva Verge Extra\" \/>\n<meta property=\"article:publisher\" content=\"https:\/\/www.facebook.com\/oliferm\" \/>\n<meta property=\"article:published_time\" content=\"2025-04-14T04:51:43+00:00\" \/>\n<meta property=\"article:modified_time\" content=\"2025-04-14T05:11:07+00:00\" \/>\n<meta property=\"og:image\" content=\"https:\/\/www.oliferm.com\/wp-content\/uploads\/2025\/04\/Avui-celebrem-a-qui-valora-la-qualitat-i-la-tradicio-2.png\" \/>\n\t<meta property=\"og:image:width\" content=\"1080\" \/>\n\t<meta property=\"og:image:height\" content=\"1350\" \/>\n\t<meta property=\"og:image:type\" content=\"image\/png\" \/>\n<meta name=\"author\" content=\"Carola L\u00f3pez\" \/>\n<meta name=\"twitter:card\" content=\"summary_large_image\" \/>\n<meta name=\"twitter:label1\" content=\"Escrito por\" \/>\n\t<meta name=\"twitter:data1\" content=\"Carola L\u00f3pez\" \/>\n\t<meta name=\"twitter:label2\" content=\"Tiempo de lectura\" \/>\n\t<meta name=\"twitter:data2\" content=\"2 minutos\" \/>\n<!-- \/ Yoast SEO plugin. -->","yoast_head_json":{"title":"5 usos sorprendentes del aceite de oliva de Castelldans fuera de la cocina - OliFERM - Oli d&#039;Oliva Verge Extra","description":"El aceite de oliva de Castelldans, elaborado con esmero y tradici\u00f3n, tiene muchos m\u00e1s usos que van m\u00e1s all\u00e1 de los fogones.","robots":{"index":"noindex","follow":"follow"},"og_locale":"es_ES","og_type":"article","og_title":"5 usos sorprendentes del aceite de oliva de Castelldans fuera de la cocina - OliFERM - Oli d&#039;Oliva Verge Extra","og_description":"El aceite de oliva de Castelldans, elaborado con esmero y tradici\u00f3n, tiene muchos m\u00e1s usos que van m\u00e1s all\u00e1 de los fogones.","og_url":"https:\/\/www.oliferm.com\/es\/?p=2820","og_site_name":"OliFERM - Oli d&#039;Oliva Verge Extra","article_publisher":"https:\/\/www.facebook.com\/oliferm","article_published_time":"2025-04-14T04:51:43+00:00","article_modified_time":"2025-04-14T05:11:07+00:00","og_image":[{"width":1080,"height":1350,"url":"https:\/\/www.oliferm.com\/wp-content\/uploads\/2025\/04\/Avui-celebrem-a-qui-valora-la-qualitat-i-la-tradicio-2.png","type":"image\/png"}],"author":"Carola L\u00f3pez","twitter_card":"summary_large_image","twitter_misc":{"Escrito por":"Carola L\u00f3pez","Tiempo de lectura":"2 minutos"},"schema":{"@context":"https:\/\/schema.org","@graph":[{"@type":"Article","@id":"https:\/\/www.oliferm.com\/es\/?p=2820#article","isPartOf":{"@id":"https:\/\/www.oliferm.com\/es\/?p=2820"},"author":{"name":"Carola L\u00f3pez","@id":"https:\/\/www.oliferm.com\/#\/schema\/person\/723f902ae2010922288294ed65952a26"},"headline":"5 usos sorprendentes del aceite de oliva de Castelldans fuera de la cocina","datePublished":"2025-04-14T04:51:43+00:00","dateModified":"2025-04-14T05:11:07+00:00","mainEntityOfPage":{"@id":"https:\/\/www.oliferm.com\/es\/?p=2820"},"wordCount":374,"commentCount":0,"publisher":{"@id":"https:\/\/www.oliferm.com\/#organization"},"image":{"@id":"https:\/\/www.oliferm.com\/es\/?p=2820#primaryimage"},"thumbnailUrl":"https:\/\/www.oliferm.com\/wp-content\/uploads\/2025\/04\/Avui-celebrem-a-qui-valora-la-qualitat-i-la-tradicio-2.png","keywords":["Castelldans"],"articleSection":["Blog"],"inLanguage":"es","potentialAction":[{"@type":"CommentAction","name":"Comment","target":["https:\/\/www.oliferm.com\/es\/?p=2820#respond"]}]},{"@type":"WebPage","@id":"https:\/\/www.oliferm.com\/es\/?p=2820","url":"https:\/\/www.oliferm.com\/es\/?p=2820","name":"5 usos sorprendentes del aceite de oliva de Castelldans fuera de la cocina - OliFERM - Oli d&#039;Oliva Verge Extra","isPartOf":{"@id":"https:\/\/www.oliferm.com\/#website"},"primaryImageOfPage":{"@id":"https:\/\/www.oliferm.com\/es\/?p=2820#primaryimage"},"image":{"@id":"https:\/\/www.oliferm.com\/es\/?p=2820#primaryimage"},"thumbnailUrl":"https:\/\/www.oliferm.com\/wp-content\/uploads\/2025\/04\/Avui-celebrem-a-qui-valora-la-qualitat-i-la-tradicio-2.png","datePublished":"2025-04-14T04:51:43+00:00","dateModified":"2025-04-14T05:11:07+00:00","description":"El aceite de oliva de Castelldans, elaborado con esmero y tradici\u00f3n, tiene muchos m\u00e1s usos que van m\u00e1s all\u00e1 de los fogones.","breadcrumb":{"@id":"https:\/\/www.oliferm.com\/es\/?p=2820#breadcrumb"},"inLanguage":"es","potentialAction":[{"@type":"ReadAction","target":["https:\/\/www.oliferm.com\/es\/?p=2820"]}]},{"@type":"ImageObject","inLanguage":"es","@id":"https:\/\/www.oliferm.com\/es\/?p=2820#primaryimage","url":"https:\/\/www.oliferm.com\/wp-content\/uploads\/2025\/04\/Avui-celebrem-a-qui-valora-la-qualitat-i-la-tradicio-2.png","contentUrl":"https:\/\/www.oliferm.com\/wp-content\/uploads\/2025\/04\/Avui-celebrem-a-qui-valora-la-qualitat-i-la-tradicio-2.png","width":1080,"height":1350,"caption":"oli d\u2019oliva de Castelldans"},{"@type":"BreadcrumbList","@id":"https:\/\/www.oliferm.com\/es\/?p=2820#breadcrumb","itemListElement":[{"@type":"ListItem","position":1,"name":"Inici","item":"https:\/\/www.oliferm.com\/es\/"},{"@type":"ListItem","position":2,"name":"5 usos sorprendentes del aceite de oliva de Castelldans fuera de la cocina"}]},{"@type":"WebSite","@id":"https:\/\/www.oliferm.com\/#website","url":"https:\/\/www.oliferm.com\/","name":"OliFERM - Oli d&#039;Oliva Verge Extra","description":"Cooperativa de Castelldans","publisher":{"@id":"https:\/\/www.oliferm.com\/#organization"},"potentialAction":[{"@type":"SearchAction","target":{"@type":"EntryPoint","urlTemplate":"https:\/\/www.oliferm.com\/?s={search_term_string}"},"query-input":{"@type":"PropertyValueSpecification","valueRequired":true,"valueName":"search_term_string"}}],"inLanguage":"es"},{"@type":"Organization","@id":"https:\/\/www.oliferm.com\/#organization","name":"OliFERM - Cooperativa de Castelldans","url":"https:\/\/www.oliferm.com\/","logo":{"@type":"ImageObject","inLanguage":"es","@id":"https:\/\/www.oliferm.com\/#\/schema\/logo\/image\/","url":"https:\/\/www.oliferm.com\/wp-content\/uploads\/2022\/02\/logo-ppal.png","contentUrl":"https:\/\/www.oliferm.com\/wp-content\/uploads\/2022\/02\/logo-ppal.png","width":700,"height":542,"caption":"OliFERM - Cooperativa de Castelldans"},"image":{"@id":"https:\/\/www.oliferm.com\/#\/schema\/logo\/image\/"},"sameAs":["https:\/\/www.facebook.com\/oliferm","https:\/\/www.instagram.com\/cooperativacastelldans\/"]},{"@type":"Person","@id":"https:\/\/www.oliferm.com\/#\/schema\/person\/723f902ae2010922288294ed65952a26","name":"Carola L\u00f3pez","image":{"@type":"ImageObject","inLanguage":"es","@id":"https:\/\/secure.gravatar.com\/avatar\/5fe445f9f8c59aea6b1f7126f00fceb51b48c675db117c8bcd06fa16b32664f2?s=96&d=mm&r=g","url":"https:\/\/secure.gravatar.com\/avatar\/5fe445f9f8c59aea6b1f7126f00fceb51b48c675db117c8bcd06fa16b32664f2?s=96&d=mm&r=g","contentUrl":"https:\/\/secure.gravatar.com\/avatar\/5fe445f9f8c59aea6b1f7126f00fceb51b48c675db117c8bcd06fa16b32664f2?s=96&d=mm&r=g","caption":"Carola L\u00f3pez"}}]}},"_links":{"self":[{"href":"https:\/\/www.oliferm.com\/es\/wp-json\/wp\/v2\/posts\/2820","targetHints":{"allow":["GET"]}}],"collection":[{"href":"https:\/\/www.oliferm.com\/es\/wp-json\/wp\/v2\/posts"}],"about":[{"href":"https:\/\/www.oliferm.com\/es\/wp-json\/wp\/v2\/types\/post"}],"author":[{"embeddable":true,"href":"https:\/\/www.oliferm.com\/es\/wp-json\/wp\/v2\/users\/3"}],"replies":[{"embeddable":true,"href":"https:\/\/www.oliferm.com\/es\/wp-json\/wp\/v2\/comments?post=2820"}],"version-history":[{"count":0,"href":"https:\/\/www.oliferm.com\/es\/wp-json\/wp\/v2\/posts\/2820\/revisions"}],"wp:featuredmedia":[{"embeddable":true,"href":"https:\/\/www.oliferm.com\/es\/wp-json\/wp\/v2\/media\/2809"}],"wp:attachment":[{"href":"https:\/\/www.oliferm.com\/es\/wp-json\/wp\/v2\/media?parent=2820"}],"wp:term":[{"taxonomy":"category","embeddable":true,"href":"https:\/\/www.oliferm.com\/es\/wp-json\/wp\/v2\/categories?post=2820"},{"taxonomy":"post_tag","embeddable":true,"href":"https:\/\/www.oliferm.com\/es\/wp-json\/wp\/v2\/tags?post=2820"}],"curies":[{"name":"wp","href":"https:\/\/api.w.org\/{rel}","templated":true}]}}