{"id":2839,"date":"2025-04-14T05:43:33","date_gmt":"2025-04-14T05:43:33","guid":{"rendered":"https:\/\/www.oliferm.com\/como-cuidar-un-olivo-en-casa-y-conectar-con-la-esencia-de-olivferm\/"},"modified":"2025-07-22T08:12:37","modified_gmt":"2025-07-22T08:12:37","slug":"como-cuidar-un-olivo-en-casa-y-conectar-con-la-esencia-de-olivferm","status":"publish","type":"post","link":"https:\/\/www.oliferm.com\/es\/como-cuidar-un-olivo-en-casa-y-conectar-con-la-esencia-de-olivferm\/","title":{"rendered":"C\u00f3mo cuidar un olivo en casa y conectar con la esencia de Olivferm"},"content":{"rendered":"\n<h3 class=\"wp-block-heading\">Un pedacito de Castelldans en tu balc\u00f3n<\/h3>\n\n<p>Cada botella de <a href=\"http:\/\/www.oliferm.com\">Oliferm<\/a> <strong>aceite de oliva de Castelldans<\/strong> contiene la historia de tierras, manos y estaciones. Pero\u2026 \u00bfy si te dij\u00e9ramos que puedes tener algo de esa magia en tu casa? Aprender <strong>c\u00f3mo cuidar un olivo en casa<\/strong> es una forma preciosa de conectar con la tierra, de forma viva y cotidiana.  <\/p>\n\n<h3 class=\"wp-block-heading\">\u00bfQu\u00e9 olivo puedo tener en casa?<\/h3>\n\n<p>La variedad <strong>arbequina<\/strong> , la misma que utilizamos en Oliferm, es ideal para espacios peque\u00f1os. Tiene un crecimiento lento, hoja peque\u00f1a y resistente. Puedes tenerla en:  <\/p>\n\n<p><strong>Maceta grande<\/strong> en el balc\u00f3n<\/p>\n\n<p><strong>Jard\u00edn peque\u00f1o<\/strong><\/p>\n\n<p>Incluso en terraza soleada<\/p>\n\n<h3 class=\"wp-block-heading\">Luz y orientaci\u00f3n: clave para crecer<\/h3>\n\n<p>El olivo necesita mucha luz directa. Busca un lugar con <strong>m\u00ednimo 6 horas de sol al d\u00eda<\/strong> . Si es posible, orientala hacia el sur. Recuerda que son \u00e1rboles mediterr\u00e1neos, aman el sol!   <\/p>\n\n<h3 class=\"wp-block-heading\">Riego, pero con medida<\/h3>\n\n<p>No es necesario regar demasiado. El olivo prefiere la <strong>sequ\u00eda en exceso de agua<\/strong> . En verano, una o dos veces por semana es suficiente. En invierno, menos a\u00fan.   <\/p>\n\n<p><strong>Consejo Olifermo:<\/strong> comprueba que el test tenga buen drenaje, as\u00ed evitar\u00e1s el encharque.<\/p>\n\n<h3 class=\"wp-block-heading\">Sustrato y poda<\/h3>\n\n<p>Usa sustrato bien aireado y algo de arena o arcilla. Podala ligeramente en primavera para mantener su forma y estimular su crecimiento. <\/p>\n\n<h3 class=\"wp-block-heading\">Una conexi\u00f3n con el ciclo del aceite<\/h3>\n\n<p>Cuidar un olivo en casa es mucho m\u00e1s que jardiner\u00eda. Es <strong>aprender a observar las estaciones<\/strong> , comprender el ritmo lento y paciente de la naturaleza, y valorar a\u00fan m\u00e1s el aceite que nos llega cada a\u00f1o a la cooperativa. <\/p>\n\n<h2 class=\"wp-block-heading\">Da vida a tu amor por el aceite<\/h2>\n\n<p>Tener un olivo en casa es una forma bonita de mantener viva la cultura de nuestro territorio. Y qui\u00e9n sabe\u2026 quiz\u00e1 alg\u00fan d\u00eda saldr\u00e1 una aceituna que te recordar\u00e1 que cada fruto tiene su tiempo, pero tambi\u00e9n su valor. <\/p>\n\n<h4 class=\"wp-block-heading\">\u00bfTe animas a plantar tu olivo?<\/h4>\n\n<p><\/p>\n","protected":false},"excerpt":{"rendered":"<p>Un pedacito de Castelldans en tu balc\u00f3n Cada botella de Oliferm aceite de oliva de Castelldans contiene la historia de tierras, manos y estaciones. Pero\u2026 \u00bfy si te dij\u00e9ramos que puedes tener algo de esa magia en tu casa? Aprender c\u00f3mo cuidar un olivo en casa es una forma preciosa de conectar con la tierra, [&hellip;]<\/p>\n","protected":false},"author":3,"featured_media":2837,"comment_status":"open","ping_status":"open","sticky":false,"template":"","format":"standard","meta":{"_acf_changed":false,"footnotes":""},"categories":[98],"tags":[220,221,501],"class_list":["post-2839","post","type-post","status-publish","format-standard","has-post-thumbnail","hentry","category-blog","tag-castelldans-es","tag-cooperativas-de-aceite-de-oliva-de-cataluna","tag-cuidar-un-olivo-en-casa"],"acf":[],"yoast_head":"<!-- This site is optimized with the Yoast SEO plugin v27.5 - https:\/\/yoast.com\/product\/yoast-seo-wordpress\/ -->\n<title>C\u00f3mo cuidar un olivo en casa y conectar con la esencia de Olivferm - OliFERM - Oli d&#039;Oliva Verge Extra<\/title>\n<meta name=\"description\" content=\"Consejos sencillos de c\u00f3mo cuidar un olivo en casa y sentirte m\u00e1s cerca del paisaje y el aceite de Olivferm.\" \/>\n<meta name=\"robots\" content=\"noindex, follow\" \/>\n<meta property=\"og:locale\" content=\"es_ES\" \/>\n<meta property=\"og:type\" content=\"article\" \/>\n<meta property=\"og:title\" content=\"C\u00f3mo cuidar un olivo en casa y conectar con la esencia de Olivferm - OliFERM - Oli d&#039;Oliva Verge Extra\" \/>\n<meta property=\"og:description\" content=\"Consejos sencillos de c\u00f3mo cuidar un olivo en casa y sentirte m\u00e1s cerca del paisaje y el aceite de Olivferm.\" \/>\n<meta property=\"og:url\" content=\"https:\/\/www.oliferm.com\/es\/?p=2839\" \/>\n<meta property=\"og:site_name\" content=\"OliFERM - Oli d&#039;Oliva Verge Extra\" \/>\n<meta property=\"article:publisher\" content=\"https:\/\/www.facebook.com\/oliferm\" \/>\n<meta property=\"article:published_time\" content=\"2025-04-14T05:43:33+00:00\" \/>\n<meta property=\"article:modified_time\" content=\"2025-07-22T08:12:37+00:00\" \/>\n<meta property=\"og:image\" content=\"https:\/\/www.oliferm.com\/wp-content\/uploads\/2025\/04\/Avui-celebrem-a-qui-valora-la-qualitat-i-la-tradicio-3.png\" \/>\n\t<meta property=\"og:image:width\" content=\"1080\" \/>\n\t<meta property=\"og:image:height\" content=\"1350\" \/>\n\t<meta property=\"og:image:type\" content=\"image\/png\" \/>\n<meta name=\"author\" content=\"Carola L\u00f3pez\" \/>\n<meta name=\"twitter:card\" content=\"summary_large_image\" \/>\n<meta name=\"twitter:label1\" content=\"Escrito por\" \/>\n\t<meta name=\"twitter:data1\" content=\"Carola L\u00f3pez\" \/>\n\t<meta name=\"twitter:label2\" content=\"Tiempo de lectura\" \/>\n\t<meta name=\"twitter:data2\" content=\"2 minutos\" \/>\n<!-- \/ Yoast SEO plugin. -->","yoast_head_json":{"title":"C\u00f3mo cuidar un olivo en casa y conectar con la esencia de Olivferm - OliFERM - Oli d&#039;Oliva Verge Extra","description":"Consejos sencillos de c\u00f3mo cuidar un olivo en casa y sentirte m\u00e1s cerca del paisaje y el aceite de Olivferm.","robots":{"index":"noindex","follow":"follow"},"og_locale":"es_ES","og_type":"article","og_title":"C\u00f3mo cuidar un olivo en casa y conectar con la esencia de Olivferm - OliFERM - Oli d&#039;Oliva Verge Extra","og_description":"Consejos sencillos de c\u00f3mo cuidar un olivo en casa y sentirte m\u00e1s cerca del paisaje y el aceite de Olivferm.","og_url":"https:\/\/www.oliferm.com\/es\/?p=2839","og_site_name":"OliFERM - Oli d&#039;Oliva Verge Extra","article_publisher":"https:\/\/www.facebook.com\/oliferm","article_published_time":"2025-04-14T05:43:33+00:00","article_modified_time":"2025-07-22T08:12:37+00:00","og_image":[{"width":1080,"height":1350,"url":"https:\/\/www.oliferm.com\/wp-content\/uploads\/2025\/04\/Avui-celebrem-a-qui-valora-la-qualitat-i-la-tradicio-3.png","type":"image\/png"}],"author":"Carola L\u00f3pez","twitter_card":"summary_large_image","twitter_misc":{"Escrito por":"Carola L\u00f3pez","Tiempo de lectura":"2 minutos"},"schema":{"@context":"https:\/\/schema.org","@graph":[{"@type":"Article","@id":"https:\/\/www.oliferm.com\/es\/?p=2839#article","isPartOf":{"@id":"https:\/\/www.oliferm.com\/es\/?p=2839"},"author":{"name":"Carola L\u00f3pez","@id":"https:\/\/www.oliferm.com\/#\/schema\/person\/723f902ae2010922288294ed65952a26"},"headline":"C\u00f3mo cuidar un olivo en casa y conectar con la esencia de Olivferm","datePublished":"2025-04-14T05:43:33+00:00","dateModified":"2025-07-22T08:12:37+00:00","mainEntityOfPage":{"@id":"https:\/\/www.oliferm.com\/es\/?p=2839"},"wordCount":347,"commentCount":0,"publisher":{"@id":"https:\/\/www.oliferm.com\/#organization"},"image":{"@id":"https:\/\/www.oliferm.com\/es\/?p=2839#primaryimage"},"thumbnailUrl":"https:\/\/www.oliferm.com\/wp-content\/uploads\/2025\/04\/Avui-celebrem-a-qui-valora-la-qualitat-i-la-tradicio-3.png","keywords":["Castelldans","cooperativas de aceite de oliva de Catalu\u00f1a","cuidar un olivo en casa"],"articleSection":["Blog"],"inLanguage":"es","potentialAction":[{"@type":"CommentAction","name":"Comment","target":["https:\/\/www.oliferm.com\/es\/?p=2839#respond"]}]},{"@type":"WebPage","@id":"https:\/\/www.oliferm.com\/es\/?p=2839","url":"https:\/\/www.oliferm.com\/es\/?p=2839","name":"C\u00f3mo cuidar un olivo en casa y conectar con la esencia de Olivferm - OliFERM - Oli d&#039;Oliva Verge Extra","isPartOf":{"@id":"https:\/\/www.oliferm.com\/#website"},"primaryImageOfPage":{"@id":"https:\/\/www.oliferm.com\/es\/?p=2839#primaryimage"},"image":{"@id":"https:\/\/www.oliferm.com\/es\/?p=2839#primaryimage"},"thumbnailUrl":"https:\/\/www.oliferm.com\/wp-content\/uploads\/2025\/04\/Avui-celebrem-a-qui-valora-la-qualitat-i-la-tradicio-3.png","datePublished":"2025-04-14T05:43:33+00:00","dateModified":"2025-07-22T08:12:37+00:00","description":"Consejos sencillos de c\u00f3mo cuidar un olivo en casa y sentirte m\u00e1s cerca del paisaje y el aceite de Olivferm.","breadcrumb":{"@id":"https:\/\/www.oliferm.com\/es\/?p=2839#breadcrumb"},"inLanguage":"es","potentialAction":[{"@type":"ReadAction","target":["https:\/\/www.oliferm.com\/es\/?p=2839"]}]},{"@type":"ImageObject","inLanguage":"es","@id":"https:\/\/www.oliferm.com\/es\/?p=2839#primaryimage","url":"https:\/\/www.oliferm.com\/wp-content\/uploads\/2025\/04\/Avui-celebrem-a-qui-valora-la-qualitat-i-la-tradicio-3.png","contentUrl":"https:\/\/www.oliferm.com\/wp-content\/uploads\/2025\/04\/Avui-celebrem-a-qui-valora-la-qualitat-i-la-tradicio-3.png","width":1080,"height":1350,"caption":"cuidar una olivera a casa"},{"@type":"BreadcrumbList","@id":"https:\/\/www.oliferm.com\/es\/?p=2839#breadcrumb","itemListElement":[{"@type":"ListItem","position":1,"name":"Inici","item":"https:\/\/www.oliferm.com\/es\/"},{"@type":"ListItem","position":2,"name":"C\u00f3mo cuidar un olivo en casa y conectar con la esencia de Olivferm"}]},{"@type":"WebSite","@id":"https:\/\/www.oliferm.com\/#website","url":"https:\/\/www.oliferm.com\/","name":"OliFERM - Oli d&#039;Oliva Verge Extra","description":"Cooperativa de Castelldans","publisher":{"@id":"https:\/\/www.oliferm.com\/#organization"},"potentialAction":[{"@type":"SearchAction","target":{"@type":"EntryPoint","urlTemplate":"https:\/\/www.oliferm.com\/?s={search_term_string}"},"query-input":{"@type":"PropertyValueSpecification","valueRequired":true,"valueName":"search_term_string"}}],"inLanguage":"es"},{"@type":"Organization","@id":"https:\/\/www.oliferm.com\/#organization","name":"OliFERM - Cooperativa de Castelldans","url":"https:\/\/www.oliferm.com\/","logo":{"@type":"ImageObject","inLanguage":"es","@id":"https:\/\/www.oliferm.com\/#\/schema\/logo\/image\/","url":"https:\/\/www.oliferm.com\/wp-content\/uploads\/2022\/02\/logo-ppal.png","contentUrl":"https:\/\/www.oliferm.com\/wp-content\/uploads\/2022\/02\/logo-ppal.png","width":700,"height":542,"caption":"OliFERM - Cooperativa de Castelldans"},"image":{"@id":"https:\/\/www.oliferm.com\/#\/schema\/logo\/image\/"},"sameAs":["https:\/\/www.facebook.com\/oliferm","https:\/\/www.instagram.com\/cooperativacastelldans\/"]},{"@type":"Person","@id":"https:\/\/www.oliferm.com\/#\/schema\/person\/723f902ae2010922288294ed65952a26","name":"Carola L\u00f3pez","image":{"@type":"ImageObject","inLanguage":"es","@id":"https:\/\/secure.gravatar.com\/avatar\/5fe445f9f8c59aea6b1f7126f00fceb51b48c675db117c8bcd06fa16b32664f2?s=96&d=mm&r=g","url":"https:\/\/secure.gravatar.com\/avatar\/5fe445f9f8c59aea6b1f7126f00fceb51b48c675db117c8bcd06fa16b32664f2?s=96&d=mm&r=g","contentUrl":"https:\/\/secure.gravatar.com\/avatar\/5fe445f9f8c59aea6b1f7126f00fceb51b48c675db117c8bcd06fa16b32664f2?s=96&d=mm&r=g","caption":"Carola L\u00f3pez"}}]}},"_links":{"self":[{"href":"https:\/\/www.oliferm.com\/es\/wp-json\/wp\/v2\/posts\/2839","targetHints":{"allow":["GET"]}}],"collection":[{"href":"https:\/\/www.oliferm.com\/es\/wp-json\/wp\/v2\/posts"}],"about":[{"href":"https:\/\/www.oliferm.com\/es\/wp-json\/wp\/v2\/types\/post"}],"author":[{"embeddable":true,"href":"https:\/\/www.oliferm.com\/es\/wp-json\/wp\/v2\/users\/3"}],"replies":[{"embeddable":true,"href":"https:\/\/www.oliferm.com\/es\/wp-json\/wp\/v2\/comments?post=2839"}],"version-history":[{"count":0,"href":"https:\/\/www.oliferm.com\/es\/wp-json\/wp\/v2\/posts\/2839\/revisions"}],"wp:featuredmedia":[{"embeddable":true,"href":"https:\/\/www.oliferm.com\/es\/wp-json\/wp\/v2\/media\/2837"}],"wp:attachment":[{"href":"https:\/\/www.oliferm.com\/es\/wp-json\/wp\/v2\/media?parent=2839"}],"wp:term":[{"taxonomy":"category","embeddable":true,"href":"https:\/\/www.oliferm.com\/es\/wp-json\/wp\/v2\/categories?post=2839"},{"taxonomy":"post_tag","embeddable":true,"href":"https:\/\/www.oliferm.com\/es\/wp-json\/wp\/v2\/tags?post=2839"}],"curies":[{"name":"wp","href":"https:\/\/api.w.org\/{rel}","templated":true}]}}