{"id":2859,"date":"2025-04-14T06:49:41","date_gmt":"2025-04-14T06:49:41","guid":{"rendered":"https:\/\/www.oliferm.com\/historia-de-la-aceituna-arbequina-un-fruto-pequeno-con-gran-legado\/"},"modified":"2025-07-22T08:12:37","modified_gmt":"2025-07-22T08:12:37","slug":"historia-de-la-aceituna-arbequina-un-fruto-pequeno-con-gran-legado","status":"publish","type":"post","link":"https:\/\/www.oliferm.com\/es\/historia-de-la-aceituna-arbequina-un-fruto-pequeno-con-gran-legado\/","title":{"rendered":"Historia de la aceituna arbequina (un fruto peque\u00f1o con gran legado)"},"content":{"rendered":"\n<h2 class=\"wp-block-heading\">Un peque\u00f1o fruto con una gran historia<\/h2>\n\n<p>Cuando catamos el <strong>aceite de oliva de Castelldans<\/strong> , disfrutamos de un sabor suave y afrutado que nos transporta a tierras soleadas y campos de olivos centenarios. Pero, \u00bfsab\u00edas que detr\u00e1s de ese sabor tan caracter\u00edstico se esconde una historia fascinante? La <strong>historia de la aceituna arbequina<\/strong> es un viaje que combina nobleza, territorio y tradici\u00f3n. Y, adem\u00e1s, nos conecta con una parte muy \u00edntima de la cultura agraria catalana.   <\/p>\n\n<p>Para entender de d\u00f3nde venimos, hay que mirar hacia atr\u00e1s. Y es que la aceituna arbequina, a pesar de ser hoy protagonista indiscutible del aceite de Olivermo, tiene or\u00edgenes mucho m\u00e1s lejanos de lo que podr\u00edamos imaginar. <\/p>\n\n<h3 class=\"wp-block-heading\">Desde Oriente Pr\u00f3ximo hasta Les Garrigues<\/h3>\n\n<p>Seg\u00fan diversas fuentes hist\u00f3ricas, esta variedad de aceituna fue introducida en Catalu\u00f1a hacia el <strong>siglo XVII<\/strong> , gracias a la curiosidad del <strong>duque de Medinaceli<\/strong> , entonces virrey del Principado. Durante un viaje diplom\u00e1tico a tierras de Oriente Medio, el duque qued\u00f3 maravillado por el gusto de una aceituna peque\u00f1a y arom\u00e1tica que crec\u00eda en Palestina. <\/p>\n\n<p>Decidido a probar si esta variedad pod\u00eda crecer en nuestra casa, el duque plant\u00f3 sus primeros ejemplares en la localidad de <strong>Arbeca<\/strong> , en la comarca de Les Garrigues. El clima seco, los inviernos fr\u00edos y el suelo pedregoso de la zona resultaron perfectos. Tanto es as\u00ed, que la nueva variedad no s\u00f3lo se adapt\u00f3, sino que se convirti\u00f3 en una de las m\u00e1s queridas y productivas del territorio. As\u00ed naci\u00f3 la <strong>aceituna arbequina<\/strong> , llamada as\u00ed en honor al pueblo que la acogi\u00f3.   <\/p>\n\n<h3 class=\"wp-block-heading\">Un \u00e1rbol resistente para suelos exigentes<\/h3>\n\n<p>La arbequina no s\u00f3lo destaca por su sabor, sino tambi\u00e9n por su capacidad de adaptaci\u00f3n. Se trata de una variedad <strong>resistente a la sequ\u00eda<\/strong> , de peque\u00f1o tama\u00f1o pero altamente productivo, y con una entrada en producci\u00f3n muy r\u00e1pida. Por eso, no es extra\u00f1o que se haya convertido en la reina de los olivos en zonas como <strong>Castelldans<\/strong> , donde la tradici\u00f3n ole\u00edcola forma parte del ADN del pueblo.  <\/p>\n\n<p>Adem\u00e1s, su morfolog\u00eda compacta y hojas peque\u00f1as hacen que sea ideal tambi\u00e9n para cultivos modernos o incluso dom\u00e9sticos. Pero lo importante es que da un aceite excepcional. <\/p>\n\n<h3 class=\"wp-block-heading\">Un aceite con car\u00e1cter y beneficios<\/h3>\n\n<p>El <strong>aceite de oliva virgen extra obtenido de arbequinas<\/strong> destaca por su perfil afrutado, con notas de manzana, almendra y hierba reci\u00e9n cortada. A nivel nutricional, es rico en <strong>\u00e1cidos grasos monoinsaturados<\/strong> , antioxidantes naturales y compuestos fen\u00f3licos beneficiosos para la salud cardiovascular. <\/p>\n\n<p>En <strong>Oliferm<\/strong> , lo procesamos en fr\u00edo, tal y como se hac\u00eda antiguamente, pero con tecnolog\u00eda actual para garantizar que cada gota conserve todas sus propiedades. De esta forma, honramos la historia de la aceituna arbequina mientras ofrecemos un producto de alt\u00edsima calidad. <\/p>\n\n<h3 class=\"wp-block-heading\">De la historia a la mesa<\/h3>\n\n<p>En resumen, la <strong>historia de la aceituna arbequina<\/strong> no es s\u00f3lo la de un fruto. Es tambi\u00e9n la de la tierra que le hace crecer, de la gente que le cuida con dedicaci\u00f3n y de las familias que, a\u00f1o tras a\u00f1o, le han cultivado con orgullo. En Castelldans, esta peque\u00f1a aceituna simboliza mucho m\u00e1s que un cultivo: representa una forma de vivir y de sentir el paisaje.  <\/p>\n\n<p>Por eso, cuando regalas o consumes una botella de <strong><a href=\"http:\/\/www.oliferm.com\">Oliferm<\/a><\/strong> , no s\u00f3lo est\u00e1s escogiendo aceite de alta calidad. Est\u00e1s abriendo una botella de historia viva. <\/p>\n","protected":false},"excerpt":{"rendered":"<p>Un peque\u00f1o fruto con una gran historia Cuando catamos el aceite de oliva de Castelldans , disfrutamos de un sabor suave y afrutado que nos transporta a tierras soleadas y campos de olivos centenarios. Pero, \u00bfsab\u00edas que detr\u00e1s de ese sabor tan caracter\u00edstico se esconde una historia fascinante? La historia de la aceituna arbequina es [&hellip;]<\/p>\n","protected":false},"author":3,"featured_media":2857,"comment_status":"open","ping_status":"open","sticky":false,"template":"","format":"standard","meta":{"_acf_changed":false,"footnotes":""},"categories":[98],"tags":[225,131,220,221,509],"class_list":["post-2859","post","type-post","status-publish","format-standard","has-post-thumbnail","hentry","category-blog","tag-aceite-de-oliva-es-2","tag-aove-es","tag-castelldans-es","tag-cooperativas-de-aceite-de-oliva-de-cataluna","tag-historia-de-la-aceituna-arbequina"],"acf":[],"yoast_head":"<!-- This site is optimized with the Yoast SEO plugin v27.5 - https:\/\/yoast.com\/product\/yoast-seo-wordpress\/ -->\n<title>Historia de la aceituna arbequina (un fruto peque\u00f1o con gran legado) - OliFERM - Oli d&#039;Oliva Verge Extra<\/title>\n<meta name=\"description\" content=\"Descubre el origen y la historia de la aceituna arbequina, el tesoro peque\u00f1o y arom\u00e1tico que da vida a nuestro aceite de oliva de Castelldans.\" \/>\n<meta name=\"robots\" content=\"noindex, follow\" \/>\n<meta property=\"og:locale\" content=\"es_ES\" \/>\n<meta property=\"og:type\" content=\"article\" \/>\n<meta property=\"og:title\" content=\"Historia de la aceituna arbequina (un fruto peque\u00f1o con gran legado) - OliFERM - Oli d&#039;Oliva Verge Extra\" \/>\n<meta property=\"og:description\" content=\"Descubre el origen y la historia de la aceituna arbequina, el tesoro peque\u00f1o y arom\u00e1tico que da vida a nuestro aceite de oliva de Castelldans.\" \/>\n<meta property=\"og:url\" content=\"https:\/\/www.oliferm.com\/es\/?p=2859\" \/>\n<meta property=\"og:site_name\" content=\"OliFERM - Oli d&#039;Oliva Verge Extra\" \/>\n<meta property=\"article:publisher\" content=\"https:\/\/www.facebook.com\/oliferm\" \/>\n<meta property=\"article:published_time\" content=\"2025-04-14T06:49:41+00:00\" \/>\n<meta property=\"article:modified_time\" content=\"2025-07-22T08:12:37+00:00\" \/>\n<meta property=\"og:image\" content=\"https:\/\/www.oliferm.com\/wp-content\/uploads\/2025\/04\/ChatGPT-Image-14-abr-2025-08_42_38.png\" \/>\n\t<meta property=\"og:image:width\" content=\"1024\" \/>\n\t<meta property=\"og:image:height\" content=\"1024\" \/>\n\t<meta property=\"og:image:type\" content=\"image\/png\" \/>\n<meta name=\"author\" content=\"Carola L\u00f3pez\" \/>\n<meta name=\"twitter:card\" content=\"summary_large_image\" \/>\n<meta name=\"twitter:label1\" content=\"Escrito por\" \/>\n\t<meta name=\"twitter:data1\" content=\"Carola L\u00f3pez\" \/>\n\t<meta name=\"twitter:label2\" content=\"Tiempo de lectura\" \/>\n\t<meta name=\"twitter:data2\" content=\"3 minutos\" \/>\n<!-- \/ Yoast SEO plugin. -->","yoast_head_json":{"title":"Historia de la aceituna arbequina (un fruto peque\u00f1o con gran legado) - OliFERM - Oli d&#039;Oliva Verge Extra","description":"Descubre el origen y la historia de la aceituna arbequina, el tesoro peque\u00f1o y arom\u00e1tico que da vida a nuestro aceite de oliva de Castelldans.","robots":{"index":"noindex","follow":"follow"},"og_locale":"es_ES","og_type":"article","og_title":"Historia de la aceituna arbequina (un fruto peque\u00f1o con gran legado) - OliFERM - Oli d&#039;Oliva Verge Extra","og_description":"Descubre el origen y la historia de la aceituna arbequina, el tesoro peque\u00f1o y arom\u00e1tico que da vida a nuestro aceite de oliva de Castelldans.","og_url":"https:\/\/www.oliferm.com\/es\/?p=2859","og_site_name":"OliFERM - Oli d&#039;Oliva Verge Extra","article_publisher":"https:\/\/www.facebook.com\/oliferm","article_published_time":"2025-04-14T06:49:41+00:00","article_modified_time":"2025-07-22T08:12:37+00:00","og_image":[{"width":1024,"height":1024,"url":"https:\/\/www.oliferm.com\/wp-content\/uploads\/2025\/04\/ChatGPT-Image-14-abr-2025-08_42_38.png","type":"image\/png"}],"author":"Carola L\u00f3pez","twitter_card":"summary_large_image","twitter_misc":{"Escrito por":"Carola L\u00f3pez","Tiempo de lectura":"3 minutos"},"schema":{"@context":"https:\/\/schema.org","@graph":[{"@type":"Article","@id":"https:\/\/www.oliferm.com\/es\/?p=2859#article","isPartOf":{"@id":"https:\/\/www.oliferm.com\/es\/?p=2859"},"author":{"name":"Carola L\u00f3pez","@id":"https:\/\/www.oliferm.com\/#\/schema\/person\/723f902ae2010922288294ed65952a26"},"headline":"Historia de la aceituna arbequina (un fruto peque\u00f1o con gran legado)","datePublished":"2025-04-14T06:49:41+00:00","dateModified":"2025-07-22T08:12:37+00:00","mainEntityOfPage":{"@id":"https:\/\/www.oliferm.com\/es\/?p=2859"},"wordCount":611,"commentCount":0,"publisher":{"@id":"https:\/\/www.oliferm.com\/#organization"},"image":{"@id":"https:\/\/www.oliferm.com\/es\/?p=2859#primaryimage"},"thumbnailUrl":"https:\/\/www.oliferm.com\/wp-content\/uploads\/2025\/04\/ChatGPT-Image-14-abr-2025-08_42_38.png","keywords":["aceite de oliva","aove","Castelldans","cooperativas de aceite de oliva de Catalu\u00f1a","Historia de la aceituna arbequina"],"articleSection":["Blog"],"inLanguage":"es","potentialAction":[{"@type":"CommentAction","name":"Comment","target":["https:\/\/www.oliferm.com\/es\/?p=2859#respond"]}]},{"@type":"WebPage","@id":"https:\/\/www.oliferm.com\/es\/?p=2859","url":"https:\/\/www.oliferm.com\/es\/?p=2859","name":"Historia de la aceituna arbequina (un fruto peque\u00f1o con gran legado) - OliFERM - Oli d&#039;Oliva Verge Extra","isPartOf":{"@id":"https:\/\/www.oliferm.com\/#website"},"primaryImageOfPage":{"@id":"https:\/\/www.oliferm.com\/es\/?p=2859#primaryimage"},"image":{"@id":"https:\/\/www.oliferm.com\/es\/?p=2859#primaryimage"},"thumbnailUrl":"https:\/\/www.oliferm.com\/wp-content\/uploads\/2025\/04\/ChatGPT-Image-14-abr-2025-08_42_38.png","datePublished":"2025-04-14T06:49:41+00:00","dateModified":"2025-07-22T08:12:37+00:00","description":"Descubre el origen y la historia de la aceituna arbequina, el tesoro peque\u00f1o y arom\u00e1tico que da vida a nuestro aceite de oliva de Castelldans.","breadcrumb":{"@id":"https:\/\/www.oliferm.com\/es\/?p=2859#breadcrumb"},"inLanguage":"es","potentialAction":[{"@type":"ReadAction","target":["https:\/\/www.oliferm.com\/es\/?p=2859"]}]},{"@type":"ImageObject","inLanguage":"es","@id":"https:\/\/www.oliferm.com\/es\/?p=2859#primaryimage","url":"https:\/\/www.oliferm.com\/wp-content\/uploads\/2025\/04\/ChatGPT-Image-14-abr-2025-08_42_38.png","contentUrl":"https:\/\/www.oliferm.com\/wp-content\/uploads\/2025\/04\/ChatGPT-Image-14-abr-2025-08_42_38.png","width":1024,"height":1024,"caption":"Hist\u00f2ria de l\u2019oliva arbequina"},{"@type":"BreadcrumbList","@id":"https:\/\/www.oliferm.com\/es\/?p=2859#breadcrumb","itemListElement":[{"@type":"ListItem","position":1,"name":"Inici","item":"https:\/\/www.oliferm.com\/es\/"},{"@type":"ListItem","position":2,"name":"Historia de la aceituna arbequina (un fruto peque\u00f1o con gran legado)"}]},{"@type":"WebSite","@id":"https:\/\/www.oliferm.com\/#website","url":"https:\/\/www.oliferm.com\/","name":"OliFERM - Oli d&#039;Oliva Verge Extra","description":"Cooperativa de Castelldans","publisher":{"@id":"https:\/\/www.oliferm.com\/#organization"},"potentialAction":[{"@type":"SearchAction","target":{"@type":"EntryPoint","urlTemplate":"https:\/\/www.oliferm.com\/?s={search_term_string}"},"query-input":{"@type":"PropertyValueSpecification","valueRequired":true,"valueName":"search_term_string"}}],"inLanguage":"es"},{"@type":"Organization","@id":"https:\/\/www.oliferm.com\/#organization","name":"OliFERM - Cooperativa de Castelldans","url":"https:\/\/www.oliferm.com\/","logo":{"@type":"ImageObject","inLanguage":"es","@id":"https:\/\/www.oliferm.com\/#\/schema\/logo\/image\/","url":"https:\/\/www.oliferm.com\/wp-content\/uploads\/2022\/02\/logo-ppal.png","contentUrl":"https:\/\/www.oliferm.com\/wp-content\/uploads\/2022\/02\/logo-ppal.png","width":700,"height":542,"caption":"OliFERM - Cooperativa de Castelldans"},"image":{"@id":"https:\/\/www.oliferm.com\/#\/schema\/logo\/image\/"},"sameAs":["https:\/\/www.facebook.com\/oliferm","https:\/\/www.instagram.com\/cooperativacastelldans\/"]},{"@type":"Person","@id":"https:\/\/www.oliferm.com\/#\/schema\/person\/723f902ae2010922288294ed65952a26","name":"Carola L\u00f3pez","image":{"@type":"ImageObject","inLanguage":"es","@id":"https:\/\/secure.gravatar.com\/avatar\/5fe445f9f8c59aea6b1f7126f00fceb51b48c675db117c8bcd06fa16b32664f2?s=96&d=mm&r=g","url":"https:\/\/secure.gravatar.com\/avatar\/5fe445f9f8c59aea6b1f7126f00fceb51b48c675db117c8bcd06fa16b32664f2?s=96&d=mm&r=g","contentUrl":"https:\/\/secure.gravatar.com\/avatar\/5fe445f9f8c59aea6b1f7126f00fceb51b48c675db117c8bcd06fa16b32664f2?s=96&d=mm&r=g","caption":"Carola L\u00f3pez"}}]}},"_links":{"self":[{"href":"https:\/\/www.oliferm.com\/es\/wp-json\/wp\/v2\/posts\/2859","targetHints":{"allow":["GET"]}}],"collection":[{"href":"https:\/\/www.oliferm.com\/es\/wp-json\/wp\/v2\/posts"}],"about":[{"href":"https:\/\/www.oliferm.com\/es\/wp-json\/wp\/v2\/types\/post"}],"author":[{"embeddable":true,"href":"https:\/\/www.oliferm.com\/es\/wp-json\/wp\/v2\/users\/3"}],"replies":[{"embeddable":true,"href":"https:\/\/www.oliferm.com\/es\/wp-json\/wp\/v2\/comments?post=2859"}],"version-history":[{"count":0,"href":"https:\/\/www.oliferm.com\/es\/wp-json\/wp\/v2\/posts\/2859\/revisions"}],"wp:featuredmedia":[{"embeddable":true,"href":"https:\/\/www.oliferm.com\/es\/wp-json\/wp\/v2\/media\/2857"}],"wp:attachment":[{"href":"https:\/\/www.oliferm.com\/es\/wp-json\/wp\/v2\/media?parent=2859"}],"wp:term":[{"taxonomy":"category","embeddable":true,"href":"https:\/\/www.oliferm.com\/es\/wp-json\/wp\/v2\/categories?post=2859"},{"taxonomy":"post_tag","embeddable":true,"href":"https:\/\/www.oliferm.com\/es\/wp-json\/wp\/v2\/tags?post=2859"}],"curies":[{"name":"wp","href":"https:\/\/api.w.org\/{rel}","templated":true}]}}