{"id":2116,"date":"2024-09-05T11:32:15","date_gmt":"2024-09-05T11:32:15","guid":{"rendered":"https:\/\/www.oliferm.com\/la-magie-commence-dans-les-oliveraies-de-castelldans\/"},"modified":"2024-09-20T06:10:58","modified_gmt":"2024-09-20T06:10:58","slug":"la-magie-commence-dans-les-oliveraies-de-castelldans","status":"publish","type":"post","link":"https:\/\/www.oliferm.com\/fr\/la-magie-commence-dans-les-oliveraies-de-castelldans\/","title":{"rendered":"La magie commence dans les oliveraies de Castelldans"},"content":{"rendered":"\n<h2 class=\"wp-block-heading\">Le gel<\/h2>\n\n<p><a href=\"https:\/\/www.instagram.com\/reel\/C_zpImmh-GC\/\">La magie de l&rsquo;hiver commence dans les terres de Castelldans<\/a> , un petit coin de la province de Lleida connu pour sa riche tradition ol\u00e9icole. Sous le chaud soleil d&rsquo;automne, les oliveraies d&rsquo;Arbequina s&rsquo;habillent, inaugurant l&rsquo;un des moments les plus attendus du cycle annuel de l&rsquo;olivier : le gel. Ce processus marque la transition des olives, qui passent du vert vif au violet intense, phase cruciale dans leur maturation et dans la qualit\u00e9 de l&rsquo;huile qui sera obtenue. Sans aucun doute, les engelures sont un spectacle naturel qui ne laisse pas indiff\u00e9rent ceux qui les observent de pr\u00e8s.   <\/p>\n\n<h2 class=\"wp-block-heading\">Du vert au violet<\/h2>\n\n<p>Pendant les mois d&rsquo;\u00e9t\u00e9, les petites olives Arbequina sont rest\u00e9es vertes et fermes sur les branches, absorbant l&rsquo;\u00e9nergie du soleil et les nutriments de la terre. Cependant, \u00e0 mesure que l\u2019automne avance, les olives commencent \u00e0 se transformer. Cette transformation, lente mais r\u00e9guli\u00e8re, semble presque \u00eatre un sortil\u00e8ge naturel. Petit \u00e0 petit, leurs tons passent du vert profond au violet profond, signe indubitable que les vendanges approchent.   <\/p>\n\n<p><\/p>\n\n<figure class=\"wp-block-image size-large\"><img loading=\"lazy\" decoding=\"async\" width=\"1024\" height=\"576\" src=\"https:\/\/www.oliferm.com\/wp-content\/uploads\/2024\/09\/12-1-1024x576.png\" alt=\"l'enveramento - envero\" class=\"wp-image-2102\" srcset=\"https:\/\/www.oliferm.com\/wp-content\/uploads\/2024\/09\/12-1-1024x576.png 1024w, https:\/\/www.oliferm.com\/wp-content\/uploads\/2024\/09\/12-1-300x169.png 300w, https:\/\/www.oliferm.com\/wp-content\/uploads\/2024\/09\/12-1-768x432.png 768w, https:\/\/www.oliferm.com\/wp-content\/uploads\/2024\/09\/12-1-600x337.png 600w, https:\/\/www.oliferm.com\/wp-content\/uploads\/2024\/09\/12-1.png 1366w\" sizes=\"auto, (max-width: 1024px) 100vw, 1024px\" \/><\/figure>\n\n<h2 class=\"wp-block-heading\">Le refroidissement, cl\u00e9 de la qualit\u00e9 de l&rsquo;huile<\/h2>\n\n<p>C&rsquo;est pr\u00e9cis\u00e9ment durant l&rsquo;hiver que l&rsquo;Arbequina commence \u00e0 r\u00e9v\u00e9ler son vrai caract\u00e8re. \u00c0 mesure que les olives changent de couleur, elles commencent \u00e9galement \u00e0 accumuler la pr\u00e9cieuse huile \u00e0 l\u2019int\u00e9rieur. C&rsquo;est le moment cl\u00e9 o\u00f9 les saveurs et les ar\u00f4mes qui caract\u00e9risent l&rsquo;huile extra vierge de la r\u00e9gion commencent \u00e0 prendre forme. L&rsquo;air est rempli d&rsquo;un ar\u00f4me doux et enivrant, un m\u00e9lange de terre humide et de fruits m\u00fbrs, qui anticipe ce qui sera l&rsquo;une des meilleures r\u00e9coltes de l&rsquo;ann\u00e9e.   <\/p>\n\n<h2 class=\"wp-block-heading\">Un spectacle naturel dans les oliveraies de Castelldans<\/h2>\n\n<p>De plus, se promener parmi les oliveraies de Castelldans en hiver est une exp\u00e9rience unique. Le paysage se transforme en un spectacle visuel et olfactif. Entre collines dor\u00e9es et ciel clair, les oliveraies offrent une vue majestueuse qui refl\u00e8te la beaut\u00e9 de ce processus naturel. Chaque olive est une promesse d&rsquo;or liquide, et dans sa lente transition il y a quelque chose de presque po\u00e9tique : la patience et le travail minutieux des agriculteurs, la sagesse transmise de g\u00e9n\u00e9ration en g\u00e9n\u00e9ration et la puissance immuable du temps qui, dans cette phase de le cycle de l\u2019olivier est plus \u00e9vident que jamais.   <\/p>\n\n<h2 class=\"wp-block-heading\">La patience et le d\u00e9vouement des agriculteurs<\/h2>\n\n<p>Pour toutes ces raisons, la r\u00e9colte est un moment crucial dans le cycle de l&rsquo;olivier et une occasion de se connecter avec la nature et d&rsquo;appr\u00e9cier le travail derri\u00e8re chaque goutte d&rsquo;huile. Ce processus cache une complexit\u00e9 et un sens profond que seuls ceux qui connaissent bien la terre et ses fruits peuvent appr\u00e9cier. <\/p>\n\n<p><\/p>\n\n<figure class=\"wp-block-image size-large\"><img loading=\"lazy\" decoding=\"async\" width=\"1024\" height=\"576\" src=\"https:\/\/www.oliferm.com\/wp-content\/uploads\/2024\/09\/11-1-1024x576.png\" alt=\"l'enveramento - envero\" class=\"wp-image-2107\" srcset=\"https:\/\/www.oliferm.com\/wp-content\/uploads\/2024\/09\/11-1-1024x576.png 1024w, https:\/\/www.oliferm.com\/wp-content\/uploads\/2024\/09\/11-1-300x169.png 300w, https:\/\/www.oliferm.com\/wp-content\/uploads\/2024\/09\/11-1-768x432.png 768w, https:\/\/www.oliferm.com\/wp-content\/uploads\/2024\/09\/11-1-600x337.png 600w, https:\/\/www.oliferm.com\/wp-content\/uploads\/2024\/09\/11-1.png 1366w\" sizes=\"auto, (max-width: 1024px) 100vw, 1024px\" \/><\/figure>\n\n<h2 class=\"wp-block-heading\">L&rsquo;hivernage : tradition et respect du terroir<\/h2>\n\n<p>Ainsi commence la magie du gel, pr\u00e9lude parfait \u00e0 une r\u00e9colte qui, comme chaque ann\u00e9e, remplira de fiert\u00e9 les champs de Castelldans.  <\/p>\n\n<p>Alors que les olives poursuivent leur m\u00e9tamorphose, les agriculteurs se pr\u00e9parent \u00e0 r\u00e9colter ce qui sera sans aucun doute une r\u00e9colte exceptionnelle. Dans ce coin de Catalogne, l&rsquo;hivernage est plus qu&rsquo;une simple phase du cycle de l&rsquo;olivier, c&rsquo;est un symbole de tradition, de d\u00e9vouement et de respect de la terre. <\/p>\n\n<h2 class=\"wp-block-heading\"><\/h2>\n\n<p><\/p>\n","protected":false},"excerpt":{"rendered":"<p>Le gel La magie de l&rsquo;hiver commence dans les terres de Castelldans , un petit coin de la province de Lleida connu pour sa riche tradition ol\u00e9icole. Sous le chaud soleil d&rsquo;automne, les oliveraies d&rsquo;Arbequina s&rsquo;habillent, inaugurant l&rsquo;un des moments les plus attendus du cycle annuel de l&rsquo;olivier : le gel. Ce processus marque la [&hellip;]<\/p>\n","protected":false},"author":3,"featured_media":2099,"comment_status":"open","ping_status":"open","sticky":false,"template":"","format":"standard","meta":{"_acf_changed":false,"footnotes":""},"categories":[101],"tags":[129,188,204,206,205,209,207],"class_list":["post-2116","post","type-post","status-publish","format-standard","has-post-thumbnail","hentry","category-blog-fr","tag-au-dessus","tag-castelldans","tag-castelldans-fr","tag-catalogne","tag-cooperatives-oleicoles-de-catalogne","tag-huile-dolive-fr","tag-huile-dolive"],"acf":[],"yoast_head":"<!-- This site is optimized with the Yoast SEO plugin v27.5 - https:\/\/yoast.com\/product\/yoast-seo-wordpress\/ -->\n<title>L&#039;everament - OliFERM - Oli d&#039;Oliva Verge Extra<\/title>\n<meta name=\"description\" content=\"Ainsi commence la magie du gel, parfait pr\u00e9lude \u00e0 une r\u00e9colte qui, comme chaque ann\u00e9e, remplira de fiert\u00e9 les champs de Castelldans.\" \/>\n<meta name=\"robots\" content=\"noindex, follow\" \/>\n<meta property=\"og:locale\" content=\"fr_FR\" \/>\n<meta property=\"og:type\" content=\"article\" \/>\n<meta property=\"og:title\" content=\"L&#039;everament - OliFERM - Oli d&#039;Oliva Verge Extra\" \/>\n<meta property=\"og:description\" content=\"Ainsi commence la magie du gel, parfait pr\u00e9lude \u00e0 une r\u00e9colte qui, comme chaque ann\u00e9e, remplira de fiert\u00e9 les champs de Castelldans.\" \/>\n<meta property=\"og:url\" content=\"https:\/\/www.oliferm.com\/fr\/?p=2116\" \/>\n<meta property=\"og:site_name\" content=\"OliFERM - Oli d&#039;Oliva Verge Extra\" \/>\n<meta property=\"article:publisher\" content=\"https:\/\/www.facebook.com\/oliferm\" \/>\n<meta property=\"article:published_time\" content=\"2024-09-05T11:32:15+00:00\" \/>\n<meta property=\"article:modified_time\" content=\"2024-09-20T06:10:58+00:00\" \/>\n<meta property=\"og:image\" content=\"https:\/\/www.oliferm.com\/wp-content\/uploads\/2024\/09\/13.png\" \/>\n\t<meta property=\"og:image:width\" content=\"1366\" \/>\n\t<meta property=\"og:image:height\" content=\"768\" \/>\n\t<meta property=\"og:image:type\" content=\"image\/png\" \/>\n<meta name=\"author\" content=\"Carola L\u00f3pez\" \/>\n<meta name=\"twitter:card\" content=\"summary_large_image\" \/>\n<meta name=\"twitter:label1\" content=\"\u00c9crit par\" \/>\n\t<meta name=\"twitter:data1\" content=\"Carola L\u00f3pez\" \/>\n\t<meta name=\"twitter:label2\" content=\"Dur\u00e9e de lecture estim\u00e9e\" \/>\n\t<meta name=\"twitter:data2\" content=\"3 minutes\" \/>\n<!-- \/ Yoast SEO plugin. -->","yoast_head_json":{"title":"L'everament - OliFERM - Oli d&#039;Oliva Verge Extra","description":"Ainsi commence la magie du gel, parfait pr\u00e9lude \u00e0 une r\u00e9colte qui, comme chaque ann\u00e9e, remplira de fiert\u00e9 les champs de Castelldans.","robots":{"index":"noindex","follow":"follow"},"og_locale":"fr_FR","og_type":"article","og_title":"L'everament - OliFERM - Oli d&#039;Oliva Verge Extra","og_description":"Ainsi commence la magie du gel, parfait pr\u00e9lude \u00e0 une r\u00e9colte qui, comme chaque ann\u00e9e, remplira de fiert\u00e9 les champs de Castelldans.","og_url":"https:\/\/www.oliferm.com\/fr\/?p=2116","og_site_name":"OliFERM - Oli d&#039;Oliva Verge Extra","article_publisher":"https:\/\/www.facebook.com\/oliferm","article_published_time":"2024-09-05T11:32:15+00:00","article_modified_time":"2024-09-20T06:10:58+00:00","og_image":[{"width":1366,"height":768,"url":"https:\/\/www.oliferm.com\/wp-content\/uploads\/2024\/09\/13.png","type":"image\/png"}],"author":"Carola L\u00f3pez","twitter_card":"summary_large_image","twitter_misc":{"\u00c9crit par":"Carola L\u00f3pez","Dur\u00e9e de lecture estim\u00e9e":"3 minutes"},"schema":{"@context":"https:\/\/schema.org","@graph":[{"@type":"Article","@id":"https:\/\/www.oliferm.com\/fr\/?p=2116#article","isPartOf":{"@id":"https:\/\/www.oliferm.com\/fr\/?p=2116"},"author":{"name":"Carola L\u00f3pez","@id":"https:\/\/www.oliferm.com\/#\/schema\/person\/723f902ae2010922288294ed65952a26"},"headline":"La magie commence dans les oliveraies de Castelldans","datePublished":"2024-09-05T11:32:15+00:00","dateModified":"2024-09-20T06:10:58+00:00","mainEntityOfPage":{"@id":"https:\/\/www.oliferm.com\/fr\/?p=2116"},"wordCount":576,"commentCount":0,"publisher":{"@id":"https:\/\/www.oliferm.com\/#organization"},"image":{"@id":"https:\/\/www.oliferm.com\/fr\/?p=2116#primaryimage"},"thumbnailUrl":"https:\/\/www.oliferm.com\/wp-content\/uploads\/2024\/09\/13.png","keywords":["au-dessus","Castelldans","Castelldans","Catalogne","coop\u00e9ratives ol\u00e9icoles de Catalogne","huile d'olive","huile d\u2019olive"],"articleSection":["Blog"],"inLanguage":"fr-FR","potentialAction":[{"@type":"CommentAction","name":"Comment","target":["https:\/\/www.oliferm.com\/fr\/?p=2116#respond"]}]},{"@type":"WebPage","@id":"https:\/\/www.oliferm.com\/fr\/?p=2116","url":"https:\/\/www.oliferm.com\/fr\/?p=2116","name":"L'everament - OliFERM - Oli d&#039;Oliva Verge Extra","isPartOf":{"@id":"https:\/\/www.oliferm.com\/#website"},"primaryImageOfPage":{"@id":"https:\/\/www.oliferm.com\/fr\/?p=2116#primaryimage"},"image":{"@id":"https:\/\/www.oliferm.com\/fr\/?p=2116#primaryimage"},"thumbnailUrl":"https:\/\/www.oliferm.com\/wp-content\/uploads\/2024\/09\/13.png","datePublished":"2024-09-05T11:32:15+00:00","dateModified":"2024-09-20T06:10:58+00:00","description":"Ainsi commence la magie du gel, parfait pr\u00e9lude \u00e0 une r\u00e9colte qui, comme chaque ann\u00e9e, remplira de fiert\u00e9 les champs de Castelldans.","breadcrumb":{"@id":"https:\/\/www.oliferm.com\/fr\/?p=2116#breadcrumb"},"inLanguage":"fr-FR","potentialAction":[{"@type":"ReadAction","target":["https:\/\/www.oliferm.com\/fr\/?p=2116"]}]},{"@type":"ImageObject","inLanguage":"fr-FR","@id":"https:\/\/www.oliferm.com\/fr\/?p=2116#primaryimage","url":"https:\/\/www.oliferm.com\/wp-content\/uploads\/2024\/09\/13.png","contentUrl":"https:\/\/www.oliferm.com\/wp-content\/uploads\/2024\/09\/13.png","width":1366,"height":768,"caption":"l'enverament - envero"},{"@type":"BreadcrumbList","@id":"https:\/\/www.oliferm.com\/fr\/?p=2116#breadcrumb","itemListElement":[{"@type":"ListItem","position":1,"name":"Inici","item":"https:\/\/www.oliferm.com\/fr\/"},{"@type":"ListItem","position":2,"name":"La magie commence dans les oliveraies de Castelldans"}]},{"@type":"WebSite","@id":"https:\/\/www.oliferm.com\/#website","url":"https:\/\/www.oliferm.com\/","name":"OliFERM - Oli d&#039;Oliva Verge Extra","description":"Cooperativa de Castelldans","publisher":{"@id":"https:\/\/www.oliferm.com\/#organization"},"potentialAction":[{"@type":"SearchAction","target":{"@type":"EntryPoint","urlTemplate":"https:\/\/www.oliferm.com\/?s={search_term_string}"},"query-input":{"@type":"PropertyValueSpecification","valueRequired":true,"valueName":"search_term_string"}}],"inLanguage":"fr-FR"},{"@type":"Organization","@id":"https:\/\/www.oliferm.com\/#organization","name":"OliFERM - Cooperativa de Castelldans","url":"https:\/\/www.oliferm.com\/","logo":{"@type":"ImageObject","inLanguage":"fr-FR","@id":"https:\/\/www.oliferm.com\/#\/schema\/logo\/image\/","url":"https:\/\/www.oliferm.com\/wp-content\/uploads\/2022\/02\/logo-ppal.png","contentUrl":"https:\/\/www.oliferm.com\/wp-content\/uploads\/2022\/02\/logo-ppal.png","width":700,"height":542,"caption":"OliFERM - Cooperativa de Castelldans"},"image":{"@id":"https:\/\/www.oliferm.com\/#\/schema\/logo\/image\/"},"sameAs":["https:\/\/www.facebook.com\/oliferm","https:\/\/www.instagram.com\/cooperativacastelldans\/"]},{"@type":"Person","@id":"https:\/\/www.oliferm.com\/#\/schema\/person\/723f902ae2010922288294ed65952a26","name":"Carola L\u00f3pez","image":{"@type":"ImageObject","inLanguage":"fr-FR","@id":"https:\/\/secure.gravatar.com\/avatar\/5fe445f9f8c59aea6b1f7126f00fceb51b48c675db117c8bcd06fa16b32664f2?s=96&d=mm&r=g","url":"https:\/\/secure.gravatar.com\/avatar\/5fe445f9f8c59aea6b1f7126f00fceb51b48c675db117c8bcd06fa16b32664f2?s=96&d=mm&r=g","contentUrl":"https:\/\/secure.gravatar.com\/avatar\/5fe445f9f8c59aea6b1f7126f00fceb51b48c675db117c8bcd06fa16b32664f2?s=96&d=mm&r=g","caption":"Carola L\u00f3pez"}}]}},"_links":{"self":[{"href":"https:\/\/www.oliferm.com\/fr\/wp-json\/wp\/v2\/posts\/2116","targetHints":{"allow":["GET"]}}],"collection":[{"href":"https:\/\/www.oliferm.com\/fr\/wp-json\/wp\/v2\/posts"}],"about":[{"href":"https:\/\/www.oliferm.com\/fr\/wp-json\/wp\/v2\/types\/post"}],"author":[{"embeddable":true,"href":"https:\/\/www.oliferm.com\/fr\/wp-json\/wp\/v2\/users\/3"}],"replies":[{"embeddable":true,"href":"https:\/\/www.oliferm.com\/fr\/wp-json\/wp\/v2\/comments?post=2116"}],"version-history":[{"count":0,"href":"https:\/\/www.oliferm.com\/fr\/wp-json\/wp\/v2\/posts\/2116\/revisions"}],"wp:featuredmedia":[{"embeddable":true,"href":"https:\/\/www.oliferm.com\/fr\/wp-json\/wp\/v2\/media\/2099"}],"wp:attachment":[{"href":"https:\/\/www.oliferm.com\/fr\/wp-json\/wp\/v2\/media?parent=2116"}],"wp:term":[{"taxonomy":"category","embeddable":true,"href":"https:\/\/www.oliferm.com\/fr\/wp-json\/wp\/v2\/categories?post=2116"},{"taxonomy":"post_tag","embeddable":true,"href":"https:\/\/www.oliferm.com\/fr\/wp-json\/wp\/v2\/tags?post=2116"}],"curies":[{"name":"wp","href":"https:\/\/api.w.org\/{rel}","templated":true}]}}