{"id":2923,"date":"2025-05-23T15:19:42","date_gmt":"2025-05-23T15:19:42","guid":{"rendered":"https:\/\/www.oliferm.com\/histoire-de-lolive-arbequina-un-petit-fruit-avec-un-grand-heritage\/"},"modified":"2025-07-22T08:12:37","modified_gmt":"2025-07-22T08:12:37","slug":"histoire-de-lolive-arbequina-un-petit-fruit-avec-un-grand-heritage","status":"publish","type":"post","link":"https:\/\/www.oliferm.com\/fr\/histoire-de-lolive-arbequina-un-petit-fruit-avec-un-grand-heritage\/","title":{"rendered":"Histoire de l&rsquo;olive Arbequina (un petit fruit avec un grand h\u00e9ritage)"},"content":{"rendered":"\n<h2 class=\"wp-block-heading\">Un petit fruit avec une grande histoire<\/h2>\n\n<p>Lorsque nous d\u00e9gustons <strong>l&rsquo;huile d&rsquo;olive de Castelldans<\/strong> , nous appr\u00e9cions une saveur douce et fruit\u00e9e qui nous transporte vers des terres ensoleill\u00e9es et des champs d&rsquo;oliviers centenaires. Mais saviez-vous que derri\u00e8re cette saveur caract\u00e9ristique se cache une histoire fascinante ? L&rsquo; <strong>histoire de l&rsquo;olive Arbequina<\/strong> est un voyage qui allie noblesse, territoire et tradition. Et en plus, cela nous connecte \u00e0 une partie tr\u00e8s intime de la culture agricole catalane.   <\/p>\n\n<p>Pour comprendre d\u2019o\u00f9 nous venons, il faut regarder en arri\u00e8re. Et l&rsquo;olive Arbequina, bien qu&rsquo;elle soit aujourd&rsquo;hui la protagoniste incontest\u00e9e de l&rsquo;huile d&rsquo;Oliferm, a des origines bien plus lointaines que ce que l&rsquo;on pourrait imaginer. <\/p>\n\n<h3 class=\"wp-block-heading\">Du Moyen-Orient aux Garrigues<\/h3>\n\n<p>Selon diverses sources historiques, cette vari\u00e9t\u00e9 d&rsquo;olive aurait \u00e9t\u00e9 introduite en Catalogne vers le <strong>XVIIe si\u00e8cle<\/strong> , gr\u00e2ce \u00e0 la curiosit\u00e9 du <strong>duc de Medinaceli<\/strong> , alors vice-roi de la Principaut\u00e9. Lors d&rsquo;un voyage diplomatique dans les terres du Moyen-Orient, le duc fut \u00e9merveill\u00e9 par le go\u00fbt d&rsquo;une petite olive aromatique qui poussait en Palestine. <\/p>\n\n<p>D\u00e9termin\u00e9 \u00e0 tester si cette vari\u00e9t\u00e9 pouvait pousser dans notre pays, le Duc planta les premiers sp\u00e9cimens dans la ville d \u00ab <strong>Arbeca<\/strong> , dans la r\u00e9gion des Garrigues. Le climat sec, les hivers froids et le sol pierreux de la r\u00e9gion se sont av\u00e9r\u00e9s parfaits. \u00c0 tel point que la nouvelle vari\u00e9t\u00e9 s \u201cest non seulement adapt\u00e9e, mais est devenue l\u201d une des plus appr\u00e9ci\u00e9es et productives du territoire. C&rsquo;est ainsi qu&rsquo;est n\u00e9e l \u00bb <strong>olive Arbequina<\/strong> , nomm\u00e9e en l&rsquo;honneur de la ville qui l&rsquo;a accueillie.   <\/p>\n\n<h3 class=\"wp-block-heading\">Un arbre r\u00e9sistant pour sols exigeants<\/h3>\n\n<p>L&rsquo;Arbequina se distingue non seulement par sa saveur, mais aussi par sa capacit\u00e9 d&rsquo;adaptation. C&rsquo;est une vari\u00e9t\u00e9 <strong>r\u00e9sistante \u00e0 la s\u00e9cheresse<\/strong> , de petite taille mais tr\u00e8s productive, et avec une entr\u00e9e en production tr\u00e8s rapide. Il n&rsquo;est donc pas surprenant qu&rsquo;il soit devenu la reine des oliviers dans des zones comme <strong>Castelldans<\/strong> , o\u00f9 la tradition ol\u00e9icole fait partie de l&rsquo;ADN de la ville.  <\/p>\n\n<p>De plus, sa morphologie compacte et ses petites feuilles la rendent id\u00e9ale pour la culture moderne voire domestique. Mais le plus important est qu\u2019il produit une huile exceptionnelle. <\/p>\n\n<h3 class=\"wp-block-heading\">Une huile de caract\u00e8re et de bienfaits<\/h3>\n\n<p>L&rsquo; <strong>huile d&rsquo;olive vierge extra obtenue \u00e0 partir d&rsquo;Arbequina<\/strong> se distingue par son profil fruit\u00e9, avec des notes de pomme, d&rsquo;amande et d&rsquo;herbe fra\u00eechement coup\u00e9e. Sur le plan nutritionnel, il est riche en <strong>acides gras mono-insatur\u00e9s<\/strong> , en antioxydants naturels et en compos\u00e9s ph\u00e9noliques b\u00e9n\u00e9fiques pour la sant\u00e9 cardiovasculaire. <\/p>\n\n<p>Chez <strong>Oliferm<\/strong> , nous le traitons \u00e0 froid, comme cela se faisait autrefois, mais avec la technologie actuelle pour garantir que chaque goutte conserve toutes ses propri\u00e9t\u00e9s. De cette fa\u00e7on, nous honorons l\u2019histoire de l\u2019olive Arbequina tout en offrant un produit de la plus haute qualit\u00e9. <\/p>\n\n<h3 class=\"wp-block-heading\">De l&rsquo;histoire \u00e0 la table<\/h3>\n\n<p>En bref, l \u00ab <strong>histoire de l \u00bb olive Arbequina<\/strong> n \u00ab est pas seulement celle d \u00bb un fruit. C&rsquo;est aussi celle de la terre qui la fait pousser, des gens qui la soignent avec d\u00e9vouement et des familles qui, ann\u00e9e apr\u00e8s ann\u00e9e, la cultivent avec fiert\u00e9. \u00c0 Castelldans, ce petit olivier symbolise bien plus qu&rsquo;une culture : il repr\u00e9sente une fa\u00e7on de vivre et de ressentir le paysage.  <\/p>\n\n<p>C&rsquo;est pourquoi, lorsque vous donnez ou consommez un flacon d&rsquo; <strong><a href=\"http:\/\/www.oliferm.com\">Oliferm<\/a><\/strong> , vous ne choisissez pas seulement une huile de haute qualit\u00e9. Vous ouvrez une bouteille d\u2019histoire vivante. <\/p>\n","protected":false},"excerpt":{"rendered":"<p>Un petit fruit avec une grande histoire Lorsque nous d\u00e9gustons l&rsquo;huile d&rsquo;olive de Castelldans , nous appr\u00e9cions une saveur douce et fruit\u00e9e qui nous transporte vers des terres ensoleill\u00e9es et des champs d&rsquo;oliviers centenaires. Mais saviez-vous que derri\u00e8re cette saveur caract\u00e9ristique se cache une histoire fascinante ? L&rsquo; histoire de l&rsquo;olive Arbequina est un voyage [&hellip;]<\/p>\n","protected":false},"author":3,"featured_media":2855,"comment_status":"open","ping_status":"open","sticky":false,"template":"","format":"standard","meta":{"_acf_changed":false,"footnotes":""},"categories":[101],"tags":[129,188,205,520,207],"class_list":["post-2923","post","type-post","status-publish","format-standard","has-post-thumbnail","hentry","category-blog-fr","tag-au-dessus","tag-castelldans","tag-cooperatives-oleicoles-de-catalogne","tag-histoire-de-lolive-arbequina","tag-huile-dolive"],"acf":[],"yoast_head":"<!-- This site is optimized with the Yoast SEO plugin v27.5 - https:\/\/yoast.com\/product\/yoast-seo-wordpress\/ -->\n<title>Histoire de l&#039;olive Arbequina (un petit fruit avec un grand h\u00e9ritage) - OliFERM - Oli d&#039;Oliva Verge Extra<\/title>\n<meta name=\"description\" content=\"D\u00e9couvrez l&#039;origine et l&#039;histoire de l&#039;olive Arbequina, le petit tr\u00e9sor aromatique qui donne vie \u00e0 notre huile d&#039;olive de Castelldans.\" \/>\n<meta name=\"robots\" content=\"noindex, follow\" \/>\n<meta property=\"og:locale\" content=\"fr_FR\" \/>\n<meta property=\"og:type\" content=\"article\" \/>\n<meta property=\"og:title\" content=\"Histoire de l&#039;olive Arbequina (un petit fruit avec un grand h\u00e9ritage) - OliFERM - Oli d&#039;Oliva Verge Extra\" \/>\n<meta property=\"og:description\" content=\"D\u00e9couvrez l&#039;origine et l&#039;histoire de l&#039;olive Arbequina, le petit tr\u00e9sor aromatique qui donne vie \u00e0 notre huile d&#039;olive de Castelldans.\" \/>\n<meta property=\"og:url\" content=\"https:\/\/www.oliferm.com\/fr\/?p=2923\" \/>\n<meta property=\"og:site_name\" content=\"OliFERM - Oli d&#039;Oliva Verge Extra\" \/>\n<meta property=\"article:publisher\" content=\"https:\/\/www.facebook.com\/oliferm\" \/>\n<meta property=\"article:published_time\" content=\"2025-05-23T15:19:42+00:00\" \/>\n<meta property=\"article:modified_time\" content=\"2025-07-22T08:12:37+00:00\" \/>\n<meta property=\"og:image\" content=\"https:\/\/www.oliferm.com\/wp-content\/uploads\/2025\/04\/ChatGPT-Image-14-abr-2025-08_42_38.png\" \/>\n\t<meta property=\"og:image:width\" content=\"1024\" \/>\n\t<meta property=\"og:image:height\" content=\"1024\" \/>\n\t<meta property=\"og:image:type\" content=\"image\/png\" \/>\n<meta name=\"author\" content=\"Carola L\u00f3pez\" \/>\n<meta name=\"twitter:card\" content=\"summary_large_image\" \/>\n<meta name=\"twitter:label1\" content=\"\u00c9crit par\" \/>\n\t<meta name=\"twitter:data1\" content=\"Carola L\u00f3pez\" \/>\n\t<meta name=\"twitter:label2\" content=\"Dur\u00e9e de lecture estim\u00e9e\" \/>\n\t<meta name=\"twitter:data2\" content=\"3 minutes\" \/>\n<!-- \/ Yoast SEO plugin. -->","yoast_head_json":{"title":"Histoire de l'olive Arbequina (un petit fruit avec un grand h\u00e9ritage) - OliFERM - Oli d&#039;Oliva Verge Extra","description":"D\u00e9couvrez l'origine et l'histoire de l'olive Arbequina, le petit tr\u00e9sor aromatique qui donne vie \u00e0 notre huile d'olive de Castelldans.","robots":{"index":"noindex","follow":"follow"},"og_locale":"fr_FR","og_type":"article","og_title":"Histoire de l'olive Arbequina (un petit fruit avec un grand h\u00e9ritage) - OliFERM - Oli d&#039;Oliva Verge Extra","og_description":"D\u00e9couvrez l'origine et l'histoire de l'olive Arbequina, le petit tr\u00e9sor aromatique qui donne vie \u00e0 notre huile d'olive de Castelldans.","og_url":"https:\/\/www.oliferm.com\/fr\/?p=2923","og_site_name":"OliFERM - Oli d&#039;Oliva Verge Extra","article_publisher":"https:\/\/www.facebook.com\/oliferm","article_published_time":"2025-05-23T15:19:42+00:00","article_modified_time":"2025-07-22T08:12:37+00:00","og_image":[{"width":1024,"height":1024,"url":"https:\/\/www.oliferm.com\/wp-content\/uploads\/2025\/04\/ChatGPT-Image-14-abr-2025-08_42_38.png","type":"image\/png"}],"author":"Carola L\u00f3pez","twitter_card":"summary_large_image","twitter_misc":{"\u00c9crit par":"Carola L\u00f3pez","Dur\u00e9e de lecture estim\u00e9e":"3 minutes"},"schema":{"@context":"https:\/\/schema.org","@graph":[{"@type":"Article","@id":"https:\/\/www.oliferm.com\/fr\/?p=2923#article","isPartOf":{"@id":"https:\/\/www.oliferm.com\/fr\/?p=2923"},"author":{"name":"Carola L\u00f3pez","@id":"https:\/\/www.oliferm.com\/#\/schema\/person\/723f902ae2010922288294ed65952a26"},"headline":"Histoire de l&rsquo;olive Arbequina (un petit fruit avec un grand h\u00e9ritage)","datePublished":"2025-05-23T15:19:42+00:00","dateModified":"2025-07-22T08:12:37+00:00","mainEntityOfPage":{"@id":"https:\/\/www.oliferm.com\/fr\/?p=2923"},"wordCount":637,"commentCount":0,"publisher":{"@id":"https:\/\/www.oliferm.com\/#organization"},"image":{"@id":"https:\/\/www.oliferm.com\/fr\/?p=2923#primaryimage"},"thumbnailUrl":"https:\/\/www.oliferm.com\/wp-content\/uploads\/2025\/04\/ChatGPT-Image-14-abr-2025-08_42_38.png","keywords":["au-dessus","Castelldans","coop\u00e9ratives ol\u00e9icoles de Catalogne","Histoire de l'olive Arbequina","huile d\u2019olive"],"articleSection":["Blog"],"inLanguage":"fr-FR","potentialAction":[{"@type":"CommentAction","name":"Comment","target":["https:\/\/www.oliferm.com\/fr\/?p=2923#respond"]}]},{"@type":"WebPage","@id":"https:\/\/www.oliferm.com\/fr\/?p=2923","url":"https:\/\/www.oliferm.com\/fr\/?p=2923","name":"Histoire de l'olive Arbequina (un petit fruit avec un grand h\u00e9ritage) - OliFERM - Oli d&#039;Oliva Verge Extra","isPartOf":{"@id":"https:\/\/www.oliferm.com\/#website"},"primaryImageOfPage":{"@id":"https:\/\/www.oliferm.com\/fr\/?p=2923#primaryimage"},"image":{"@id":"https:\/\/www.oliferm.com\/fr\/?p=2923#primaryimage"},"thumbnailUrl":"https:\/\/www.oliferm.com\/wp-content\/uploads\/2025\/04\/ChatGPT-Image-14-abr-2025-08_42_38.png","datePublished":"2025-05-23T15:19:42+00:00","dateModified":"2025-07-22T08:12:37+00:00","description":"D\u00e9couvrez l'origine et l'histoire de l'olive Arbequina, le petit tr\u00e9sor aromatique qui donne vie \u00e0 notre huile d'olive de Castelldans.","breadcrumb":{"@id":"https:\/\/www.oliferm.com\/fr\/?p=2923#breadcrumb"},"inLanguage":"fr-FR","potentialAction":[{"@type":"ReadAction","target":["https:\/\/www.oliferm.com\/fr\/?p=2923"]}]},{"@type":"ImageObject","inLanguage":"fr-FR","@id":"https:\/\/www.oliferm.com\/fr\/?p=2923#primaryimage","url":"https:\/\/www.oliferm.com\/wp-content\/uploads\/2025\/04\/ChatGPT-Image-14-abr-2025-08_42_38.png","contentUrl":"https:\/\/www.oliferm.com\/wp-content\/uploads\/2025\/04\/ChatGPT-Image-14-abr-2025-08_42_38.png","width":1024,"height":1024,"caption":"Hist\u00f2ria de l\u2019oliva arbequina"},{"@type":"BreadcrumbList","@id":"https:\/\/www.oliferm.com\/fr\/?p=2923#breadcrumb","itemListElement":[{"@type":"ListItem","position":1,"name":"Inici","item":"https:\/\/www.oliferm.com\/fr\/"},{"@type":"ListItem","position":2,"name":"Histoire de l&#8217;olive Arbequina (un petit fruit avec un grand h\u00e9ritage)"}]},{"@type":"WebSite","@id":"https:\/\/www.oliferm.com\/#website","url":"https:\/\/www.oliferm.com\/","name":"OliFERM - Oli d&#039;Oliva Verge Extra","description":"Cooperativa de Castelldans","publisher":{"@id":"https:\/\/www.oliferm.com\/#organization"},"potentialAction":[{"@type":"SearchAction","target":{"@type":"EntryPoint","urlTemplate":"https:\/\/www.oliferm.com\/?s={search_term_string}"},"query-input":{"@type":"PropertyValueSpecification","valueRequired":true,"valueName":"search_term_string"}}],"inLanguage":"fr-FR"},{"@type":"Organization","@id":"https:\/\/www.oliferm.com\/#organization","name":"OliFERM - Cooperativa de Castelldans","url":"https:\/\/www.oliferm.com\/","logo":{"@type":"ImageObject","inLanguage":"fr-FR","@id":"https:\/\/www.oliferm.com\/#\/schema\/logo\/image\/","url":"https:\/\/www.oliferm.com\/wp-content\/uploads\/2022\/02\/logo-ppal.png","contentUrl":"https:\/\/www.oliferm.com\/wp-content\/uploads\/2022\/02\/logo-ppal.png","width":700,"height":542,"caption":"OliFERM - Cooperativa de Castelldans"},"image":{"@id":"https:\/\/www.oliferm.com\/#\/schema\/logo\/image\/"},"sameAs":["https:\/\/www.facebook.com\/oliferm","https:\/\/www.instagram.com\/cooperativacastelldans\/"]},{"@type":"Person","@id":"https:\/\/www.oliferm.com\/#\/schema\/person\/723f902ae2010922288294ed65952a26","name":"Carola L\u00f3pez","image":{"@type":"ImageObject","inLanguage":"fr-FR","@id":"https:\/\/secure.gravatar.com\/avatar\/5fe445f9f8c59aea6b1f7126f00fceb51b48c675db117c8bcd06fa16b32664f2?s=96&d=mm&r=g","url":"https:\/\/secure.gravatar.com\/avatar\/5fe445f9f8c59aea6b1f7126f00fceb51b48c675db117c8bcd06fa16b32664f2?s=96&d=mm&r=g","contentUrl":"https:\/\/secure.gravatar.com\/avatar\/5fe445f9f8c59aea6b1f7126f00fceb51b48c675db117c8bcd06fa16b32664f2?s=96&d=mm&r=g","caption":"Carola L\u00f3pez"}}]}},"_links":{"self":[{"href":"https:\/\/www.oliferm.com\/fr\/wp-json\/wp\/v2\/posts\/2923","targetHints":{"allow":["GET"]}}],"collection":[{"href":"https:\/\/www.oliferm.com\/fr\/wp-json\/wp\/v2\/posts"}],"about":[{"href":"https:\/\/www.oliferm.com\/fr\/wp-json\/wp\/v2\/types\/post"}],"author":[{"embeddable":true,"href":"https:\/\/www.oliferm.com\/fr\/wp-json\/wp\/v2\/users\/3"}],"replies":[{"embeddable":true,"href":"https:\/\/www.oliferm.com\/fr\/wp-json\/wp\/v2\/comments?post=2923"}],"version-history":[{"count":0,"href":"https:\/\/www.oliferm.com\/fr\/wp-json\/wp\/v2\/posts\/2923\/revisions"}],"wp:featuredmedia":[{"embeddable":true,"href":"https:\/\/www.oliferm.com\/fr\/wp-json\/wp\/v2\/media\/2855"}],"wp:attachment":[{"href":"https:\/\/www.oliferm.com\/fr\/wp-json\/wp\/v2\/media?parent=2923"}],"wp:term":[{"taxonomy":"category","embeddable":true,"href":"https:\/\/www.oliferm.com\/fr\/wp-json\/wp\/v2\/categories?post=2923"},{"taxonomy":"post_tag","embeddable":true,"href":"https:\/\/www.oliferm.com\/fr\/wp-json\/wp\/v2\/tags?post=2923"}],"curies":[{"name":"wp","href":"https:\/\/api.w.org\/{rel}","templated":true}]}}