{"id":2951,"date":"2025-05-23T15:20:40","date_gmt":"2025-05-23T15:20:40","guid":{"rendered":"https:\/\/www.oliferm.com\/comment-prendre-soin-dun-olivier-a-la-maison-et-se-connecter-a-lessence-doliferm\/"},"modified":"2025-07-22T08:12:45","modified_gmt":"2025-07-22T08:12:45","slug":"comment-prendre-soin-dun-olivier-a-la-maison-et-se-connecter-a-lessence-doliferm","status":"publish","type":"post","link":"https:\/\/www.oliferm.com\/fr\/comment-prendre-soin-dun-olivier-a-la-maison-et-se-connecter-a-lessence-doliferm\/","title":{"rendered":"Comment prendre soin d&rsquo;un olivier \u00e0 la maison et se connecter \u00e0 l&rsquo;essence d&rsquo;Oliferm"},"content":{"rendered":"\n<h3 class=\"wp-block-heading\">Un petit bout de Castelldans sur votre balcon<\/h3>\n\n<p>Chaque bouteille d&rsquo;huile d&rsquo;olive <a href=\"http:\/\/www.oliferm.com\">Oliferm<\/a> <strong>de Castelldans<\/strong> contient l&rsquo;histoire des terres, des mains et des saisons. Mais&#8230; et si nous vous disions que vous pourriez avoir un peu de cette magie chez vous ? Apprendre <strong>\u00e0 prendre soin d\u2019un olivier \u00e0 la maison<\/strong> est une belle fa\u00e7on de se connecter \u00e0 la terre, de mani\u00e8re vivante et quotidienne.  <\/p>\n\n<h3 class=\"wp-block-heading\">Quel olivier puis-je avoir chez moi ?<\/h3>\n\n<p>La vari\u00e9t\u00e9 <strong>Arbequina<\/strong> , la m\u00eame que celle que nous utilisons chez Oliferm, est id\u00e9ale pour les petits espaces. Sa croissance est lente, ses feuilles sont petites et il est r\u00e9sistant. Vous pouvez l&rsquo;avoir en :  <\/p>\n\n<p><strong>Grand pot de fleurs<\/strong> sur le balcon<\/p>\n\n<p><strong>Petit jardin<\/strong><\/p>\n\n<p>M\u00eame sur une terrasse ensoleill\u00e9e<\/p>\n\n<h3 class=\"wp-block-heading\">Lumi\u00e8re et guidance : la cl\u00e9 de la croissance<\/h3>\n\n<p>L&rsquo;olivier a besoin de beaucoup de lumi\u00e8re directe. Trouvez un endroit avec <strong>au moins 6 heures de soleil par jour<\/strong> . Si possible, orientez-le vers le sud. N&rsquo;oubliez pas que ce sont des arbres m\u00e9diterran\u00e9ens, ils aiment le soleil !   <\/p>\n\n<h3 class=\"wp-block-heading\">De l&rsquo;eau, mais avec mod\u00e9ration<\/h3>\n\n<p>Il n&rsquo;est pas n\u00e9cessaire d&rsquo;arroser trop. L&rsquo;olivier pr\u00e9f\u00e8re <strong>la s\u00e9cheresse \u00e0 l&rsquo;exc\u00e8s d&rsquo;eau<\/strong> . En \u00e9t\u00e9, une \u00e0 deux fois par semaine suffisent. En hiver, encore moins.   <\/p>\n\n<p><strong>Conseil Oliferm :<\/strong> v\u00e9rifiez que le pot dispose d&rsquo;un bon drainage, vous \u00e9viterez ainsi l&rsquo;engorgement.<\/p>\n\n<h3 class=\"wp-block-heading\">Substrat et taille<\/h3>\n\n<p>Utilisez un substrat bien a\u00e9r\u00e9 et un peu de sable ou d&rsquo;argile. Taillez-le l\u00e9g\u00e8rement au printemps pour conserver sa forme et stimuler sa croissance. <\/p>\n\n<h3 class=\"wp-block-heading\">Un lien avec le cycle du p\u00e9trole<\/h3>\n\n<p>Prendre soin d \u00ab un olivier \u00e0 la maison, c \u00bb est bien plus que du jardinage. C&rsquo;est <strong>apprendre \u00e0 observer les saisons<\/strong> , \u00e0 comprendre le rythme lent et patient de la nature et \u00e0 valoriser encore plus l&rsquo;huile qui nous parvient chaque ann\u00e9e \u00e0 la coop\u00e9rative. <\/p>\n\n<h2 class=\"wp-block-heading\">Donnez vie \u00e0 votre amour pour le p\u00e9trole<\/h2>\n\n<p>Avoir un olivier \u00e0 la maison est une belle fa\u00e7on de garder vivante la culture de notre territoire. Et qui sait&#8230; peut-\u00eatre qu&rsquo;un jour, une olive surgira qui vous rappellera que chaque fruit a son temps, mais aussi sa valeur. <\/p>\n\n<h4 class=\"wp-block-heading\">Oserez-vous planter votre propre olivier ?<\/h4>\n\n<p><\/p>\n","protected":false},"excerpt":{"rendered":"<p>Un petit bout de Castelldans sur votre balcon Chaque bouteille d&rsquo;huile d&rsquo;olive Oliferm de Castelldans contient l&rsquo;histoire des terres, des mains et des saisons. Mais&#8230; et si nous vous disions que vous pourriez avoir un peu de cette magie chez vous ? Apprendre \u00e0 prendre soin d\u2019un olivier \u00e0 la maison est une belle fa\u00e7on [&hellip;]<\/p>\n","protected":false},"author":3,"featured_media":2835,"comment_status":"open","ping_status":"open","sticky":false,"template":"","format":"standard","meta":{"_acf_changed":false,"footnotes":""},"categories":[101],"tags":[188,205,534],"class_list":["post-2951","post","type-post","status-publish","format-standard","has-post-thumbnail","hentry","category-blog-fr","tag-castelldans","tag-cooperatives-oleicoles-de-catalogne","tag-prendre-soin-dun-olivier-a-la-maison"],"acf":[],"yoast_head":"<!-- This site is optimized with the Yoast SEO plugin v27.5 - https:\/\/yoast.com\/product\/yoast-seo-wordpress\/ -->\n<title>Comment prendre soin d&#039;un olivier \u00e0 la maison et se connecter \u00e0 l&#039;essence d&#039;Oliferm - OliFERM - Oli d&#039;Oliva Verge Extra<\/title>\n<meta name=\"description\" content=\"Conseils simples pour prendre soin d&#039;un olivier \u00e0 la maison et se sentir plus proche du paysage et de l&#039;huile Oliferm.\" \/>\n<meta name=\"robots\" content=\"noindex, follow\" \/>\n<meta property=\"og:locale\" content=\"fr_FR\" \/>\n<meta property=\"og:type\" content=\"article\" \/>\n<meta property=\"og:title\" content=\"Comment prendre soin d&#039;un olivier \u00e0 la maison et se connecter \u00e0 l&#039;essence d&#039;Oliferm - OliFERM - Oli d&#039;Oliva Verge Extra\" \/>\n<meta property=\"og:description\" content=\"Conseils simples pour prendre soin d&#039;un olivier \u00e0 la maison et se sentir plus proche du paysage et de l&#039;huile Oliferm.\" \/>\n<meta property=\"og:url\" content=\"https:\/\/www.oliferm.com\/fr\/?p=2951\" \/>\n<meta property=\"og:site_name\" content=\"OliFERM - Oli d&#039;Oliva Verge Extra\" \/>\n<meta property=\"article:publisher\" content=\"https:\/\/www.facebook.com\/oliferm\" \/>\n<meta property=\"article:published_time\" content=\"2025-05-23T15:20:40+00:00\" \/>\n<meta property=\"article:modified_time\" content=\"2025-07-22T08:12:45+00:00\" \/>\n<meta property=\"og:image\" content=\"https:\/\/www.oliferm.com\/wp-content\/uploads\/2025\/04\/Avui-celebrem-a-qui-valora-la-qualitat-i-la-tradicio-3.png\" \/>\n\t<meta property=\"og:image:width\" content=\"1080\" \/>\n\t<meta property=\"og:image:height\" content=\"1350\" \/>\n\t<meta property=\"og:image:type\" content=\"image\/png\" \/>\n<meta name=\"author\" content=\"Carola L\u00f3pez\" \/>\n<meta name=\"twitter:card\" content=\"summary_large_image\" \/>\n<meta name=\"twitter:label1\" content=\"\u00c9crit par\" \/>\n\t<meta name=\"twitter:data1\" content=\"Carola L\u00f3pez\" \/>\n\t<meta name=\"twitter:label2\" content=\"Dur\u00e9e de lecture estim\u00e9e\" \/>\n\t<meta name=\"twitter:data2\" content=\"2 minutes\" \/>\n<!-- \/ Yoast SEO plugin. -->","yoast_head_json":{"title":"Comment prendre soin d'un olivier \u00e0 la maison et se connecter \u00e0 l'essence d'Oliferm - OliFERM - Oli d&#039;Oliva Verge Extra","description":"Conseils simples pour prendre soin d'un olivier \u00e0 la maison et se sentir plus proche du paysage et de l'huile Oliferm.","robots":{"index":"noindex","follow":"follow"},"og_locale":"fr_FR","og_type":"article","og_title":"Comment prendre soin d'un olivier \u00e0 la maison et se connecter \u00e0 l'essence d'Oliferm - OliFERM - Oli d&#039;Oliva Verge Extra","og_description":"Conseils simples pour prendre soin d'un olivier \u00e0 la maison et se sentir plus proche du paysage et de l'huile Oliferm.","og_url":"https:\/\/www.oliferm.com\/fr\/?p=2951","og_site_name":"OliFERM - Oli d&#039;Oliva Verge Extra","article_publisher":"https:\/\/www.facebook.com\/oliferm","article_published_time":"2025-05-23T15:20:40+00:00","article_modified_time":"2025-07-22T08:12:45+00:00","og_image":[{"width":1080,"height":1350,"url":"https:\/\/www.oliferm.com\/wp-content\/uploads\/2025\/04\/Avui-celebrem-a-qui-valora-la-qualitat-i-la-tradicio-3.png","type":"image\/png"}],"author":"Carola L\u00f3pez","twitter_card":"summary_large_image","twitter_misc":{"\u00c9crit par":"Carola L\u00f3pez","Dur\u00e9e de lecture estim\u00e9e":"2 minutes"},"schema":{"@context":"https:\/\/schema.org","@graph":[{"@type":"Article","@id":"https:\/\/www.oliferm.com\/fr\/?p=2951#article","isPartOf":{"@id":"https:\/\/www.oliferm.com\/fr\/?p=2951"},"author":{"name":"Carola L\u00f3pez","@id":"https:\/\/www.oliferm.com\/#\/schema\/person\/723f902ae2010922288294ed65952a26"},"headline":"Comment prendre soin d&rsquo;un olivier \u00e0 la maison et se connecter \u00e0 l&rsquo;essence d&rsquo;Oliferm","datePublished":"2025-05-23T15:20:40+00:00","dateModified":"2025-07-22T08:12:45+00:00","mainEntityOfPage":{"@id":"https:\/\/www.oliferm.com\/fr\/?p=2951"},"wordCount":391,"commentCount":0,"publisher":{"@id":"https:\/\/www.oliferm.com\/#organization"},"image":{"@id":"https:\/\/www.oliferm.com\/fr\/?p=2951#primaryimage"},"thumbnailUrl":"https:\/\/www.oliferm.com\/wp-content\/uploads\/2025\/04\/Avui-celebrem-a-qui-valora-la-qualitat-i-la-tradicio-3.png","keywords":["Castelldans","coop\u00e9ratives ol\u00e9icoles de Catalogne","prendre soin d'un olivier \u00e0 la maison"],"articleSection":["Blog"],"inLanguage":"fr-FR","potentialAction":[{"@type":"CommentAction","name":"Comment","target":["https:\/\/www.oliferm.com\/fr\/?p=2951#respond"]}]},{"@type":"WebPage","@id":"https:\/\/www.oliferm.com\/fr\/?p=2951","url":"https:\/\/www.oliferm.com\/fr\/?p=2951","name":"Comment prendre soin d'un olivier \u00e0 la maison et se connecter \u00e0 l'essence d'Oliferm - OliFERM - Oli d&#039;Oliva Verge Extra","isPartOf":{"@id":"https:\/\/www.oliferm.com\/#website"},"primaryImageOfPage":{"@id":"https:\/\/www.oliferm.com\/fr\/?p=2951#primaryimage"},"image":{"@id":"https:\/\/www.oliferm.com\/fr\/?p=2951#primaryimage"},"thumbnailUrl":"https:\/\/www.oliferm.com\/wp-content\/uploads\/2025\/04\/Avui-celebrem-a-qui-valora-la-qualitat-i-la-tradicio-3.png","datePublished":"2025-05-23T15:20:40+00:00","dateModified":"2025-07-22T08:12:45+00:00","description":"Conseils simples pour prendre soin d'un olivier \u00e0 la maison et se sentir plus proche du paysage et de l'huile Oliferm.","breadcrumb":{"@id":"https:\/\/www.oliferm.com\/fr\/?p=2951#breadcrumb"},"inLanguage":"fr-FR","potentialAction":[{"@type":"ReadAction","target":["https:\/\/www.oliferm.com\/fr\/?p=2951"]}]},{"@type":"ImageObject","inLanguage":"fr-FR","@id":"https:\/\/www.oliferm.com\/fr\/?p=2951#primaryimage","url":"https:\/\/www.oliferm.com\/wp-content\/uploads\/2025\/04\/Avui-celebrem-a-qui-valora-la-qualitat-i-la-tradicio-3.png","contentUrl":"https:\/\/www.oliferm.com\/wp-content\/uploads\/2025\/04\/Avui-celebrem-a-qui-valora-la-qualitat-i-la-tradicio-3.png","width":1080,"height":1350,"caption":"cuidar una olivera a casa"},{"@type":"BreadcrumbList","@id":"https:\/\/www.oliferm.com\/fr\/?p=2951#breadcrumb","itemListElement":[{"@type":"ListItem","position":1,"name":"Inici","item":"https:\/\/www.oliferm.com\/fr\/"},{"@type":"ListItem","position":2,"name":"Comment prendre soin d&#8217;un olivier \u00e0 la maison et se connecter \u00e0 l&#8217;essence d&#8217;Oliferm"}]},{"@type":"WebSite","@id":"https:\/\/www.oliferm.com\/#website","url":"https:\/\/www.oliferm.com\/","name":"OliFERM - Oli d&#039;Oliva Verge Extra","description":"Cooperativa de Castelldans","publisher":{"@id":"https:\/\/www.oliferm.com\/#organization"},"potentialAction":[{"@type":"SearchAction","target":{"@type":"EntryPoint","urlTemplate":"https:\/\/www.oliferm.com\/?s={search_term_string}"},"query-input":{"@type":"PropertyValueSpecification","valueRequired":true,"valueName":"search_term_string"}}],"inLanguage":"fr-FR"},{"@type":"Organization","@id":"https:\/\/www.oliferm.com\/#organization","name":"OliFERM - Cooperativa de Castelldans","url":"https:\/\/www.oliferm.com\/","logo":{"@type":"ImageObject","inLanguage":"fr-FR","@id":"https:\/\/www.oliferm.com\/#\/schema\/logo\/image\/","url":"https:\/\/www.oliferm.com\/wp-content\/uploads\/2022\/02\/logo-ppal.png","contentUrl":"https:\/\/www.oliferm.com\/wp-content\/uploads\/2022\/02\/logo-ppal.png","width":700,"height":542,"caption":"OliFERM - Cooperativa de Castelldans"},"image":{"@id":"https:\/\/www.oliferm.com\/#\/schema\/logo\/image\/"},"sameAs":["https:\/\/www.facebook.com\/oliferm","https:\/\/www.instagram.com\/cooperativacastelldans\/"]},{"@type":"Person","@id":"https:\/\/www.oliferm.com\/#\/schema\/person\/723f902ae2010922288294ed65952a26","name":"Carola L\u00f3pez","image":{"@type":"ImageObject","inLanguage":"fr-FR","@id":"https:\/\/secure.gravatar.com\/avatar\/5fe445f9f8c59aea6b1f7126f00fceb51b48c675db117c8bcd06fa16b32664f2?s=96&d=mm&r=g","url":"https:\/\/secure.gravatar.com\/avatar\/5fe445f9f8c59aea6b1f7126f00fceb51b48c675db117c8bcd06fa16b32664f2?s=96&d=mm&r=g","contentUrl":"https:\/\/secure.gravatar.com\/avatar\/5fe445f9f8c59aea6b1f7126f00fceb51b48c675db117c8bcd06fa16b32664f2?s=96&d=mm&r=g","caption":"Carola L\u00f3pez"}}]}},"_links":{"self":[{"href":"https:\/\/www.oliferm.com\/fr\/wp-json\/wp\/v2\/posts\/2951","targetHints":{"allow":["GET"]}}],"collection":[{"href":"https:\/\/www.oliferm.com\/fr\/wp-json\/wp\/v2\/posts"}],"about":[{"href":"https:\/\/www.oliferm.com\/fr\/wp-json\/wp\/v2\/types\/post"}],"author":[{"embeddable":true,"href":"https:\/\/www.oliferm.com\/fr\/wp-json\/wp\/v2\/users\/3"}],"replies":[{"embeddable":true,"href":"https:\/\/www.oliferm.com\/fr\/wp-json\/wp\/v2\/comments?post=2951"}],"version-history":[{"count":0,"href":"https:\/\/www.oliferm.com\/fr\/wp-json\/wp\/v2\/posts\/2951\/revisions"}],"wp:featuredmedia":[{"embeddable":true,"href":"https:\/\/www.oliferm.com\/fr\/wp-json\/wp\/v2\/media\/2835"}],"wp:attachment":[{"href":"https:\/\/www.oliferm.com\/fr\/wp-json\/wp\/v2\/media?parent=2951"}],"wp:term":[{"taxonomy":"category","embeddable":true,"href":"https:\/\/www.oliferm.com\/fr\/wp-json\/wp\/v2\/categories?post=2951"},{"taxonomy":"post_tag","embeddable":true,"href":"https:\/\/www.oliferm.com\/fr\/wp-json\/wp\/v2\/tags?post=2951"}],"curies":[{"name":"wp","href":"https:\/\/api.w.org\/{rel}","templated":true}]}}