{"id":2979,"date":"2025-05-23T15:21:28","date_gmt":"2025-05-23T15:21:28","guid":{"rendered":"https:\/\/www.oliferm.com\/le-voyage-de-lolive-arbequina-de-lolivier-a-votre-table\/"},"modified":"2025-07-22T08:12:45","modified_gmt":"2025-07-22T08:12:45","slug":"le-voyage-de-lolive-arbequina-de-lolivier-a-votre-table","status":"publish","type":"post","link":"https:\/\/www.oliferm.com\/fr\/le-voyage-de-lolive-arbequina-de-lolivier-a-votre-table\/","title":{"rendered":"Le voyage de l&rsquo;olive Arbequina (De l&rsquo;olivier \u00e0 votre table)"},"content":{"rendered":"<p>Au c\u0153ur de la r\u00e9gion, parmi les vall\u00e9es dor\u00e9es et les arbres fruitiers majestueux, se trouve la demeure d&rsquo;un tr\u00e9sor gastronomique : l&rsquo;olive Arbequina. Depuis des temps imm\u00e9moriaux, ce petit joyau vert est l\u2019essence m\u00eame de notre terre, un symbole de passion et de tradition qui transcende les g\u00e9n\u00e9rations. <\/p>\n<p>Et chez <strong>OliFERM<\/strong> , nous ne produisons pas seulement de l \u00ab huile d \u00bb olive, mais nous \u00e9crivons \u00e9galement des histoires. Chaque \u00e9tape du processus de production est un chapitre du voyage de l&rsquo;olive Arbequina, une histoire d&rsquo;amour entre la terre et le palais. Souhaitez-vous embarquer avec nous dans ce voyage passionnant ? Alors rejoignez-nous et nous vous emm\u00e8nerons des oliviers \u00e0 votre table !   <\/p>\n<p><img loading=\"lazy\" decoding=\"async\" class=\"wp-image-1203 alignright\" src=\"https:\/\/www.oliferm.com\/wp-content\/uploads\/2024\/02\/1-300x300.png\" alt=\"Olive Arbequina\" width=\"289\" height=\"289\" srcset=\"https:\/\/www.oliferm.com\/wp-content\/uploads\/2024\/02\/1-300x300.png 300w, https:\/\/www.oliferm.com\/wp-content\/uploads\/2024\/02\/1-150x150.png 150w, https:\/\/www.oliferm.com\/wp-content\/uploads\/2024\/02\/1-100x100.png 100w, https:\/\/www.oliferm.com\/wp-content\/uploads\/2024\/02\/1.png 600w\" sizes=\"auto, (max-width: 289px) 100vw, 289px\" \/><\/p>\n<p>&nbsp;<\/p>\n<h2>Racines natales de l&rsquo;olivier Arbequina.<\/h2>\n<p>C&rsquo;est ici, dans les champs de Castelldans et ses environs, que commence l&rsquo;histoire de notre huile, o\u00f9 le soleil caresse avec force les feuilles des oliviers et le vent murmure d&rsquo;anciens secrets. Ici, dans la terre s\u00e8che de Lleida, nos olives Arbequina trouvent leur foyer, enracin\u00e9es dans la terre avec une force indestructible. Chaque arbre est le t\u00e9moin d \u00ab ann\u00e9es d \u00bb histoire, de luttes et de triomphes, de r\u00e9coltes abondantes et de d\u00e9fis surmont\u00e9s.  <\/p>\n<h2>Soin et passion<\/h2>\n<p>&nbsp;<\/p>\n<p>Avec des mains expertes et des c\u0153urs passionn\u00e9s, nos agriculteurs, gardiens de cette terre et protecteurs de ses tr\u00e9sors verts. Ils prennent soin de chaque olivier avec l\u2019amour et le respect qu\u2019il m\u00e9rite. De la taille \u00e0 la r\u00e9colte, chaque \u00e9tape est r\u00e9alis\u00e9e avec soin  <\/p>\n<p>d\u00e9termination et d\u00e9vouement, garantissant que chaque olive atteigne son potentiel maximum.<\/p>\n<h2>Du moulin \u00e0 votre table<\/h2>\n<p><img loading=\"lazy\" decoding=\"async\" class=\"size-medium wp-image-1223 alignright\" src=\"https:\/\/www.oliferm.com\/wp-content\/uploads\/2024\/02\/5-300x300.png\" alt=\"Huile d'olive Arbequina - oliFerm\" width=\"300\" height=\"300\" srcset=\"https:\/\/www.oliferm.com\/wp-content\/uploads\/2024\/02\/5-300x300.png 300w, https:\/\/www.oliferm.com\/wp-content\/uploads\/2024\/02\/5-150x150.png 150w, https:\/\/www.oliferm.com\/wp-content\/uploads\/2024\/02\/5-100x100.png 100w, https:\/\/www.oliferm.com\/wp-content\/uploads\/2024\/02\/5.png 600w\" sizes=\"auto, (max-width: 300px) 100vw, 300px\" \/><\/p>\n<p>Nous arrivons ainsi enfin au moment le plus attendu, lorsque l\u2019ar\u00f4me de l\u2019huile fra\u00eeche remplit l\u2019air et que les bouteilles brillantes attendent d\u2019\u00eatre d\u00e9couvertes. Chaque goutte de notre huile d&rsquo;olive extra vierge Arbequina est un hommage \u00e0 la terre qui l&rsquo;a vu na\u00eetre, une promesse de qualit\u00e9 et de saveur incomparables. De la premi\u00e8re d\u00e9gustation au dernier soupir de satisfaction, chaque exp\u00e9rience est une c\u00e9l\u00e9bration de la vie et de l\u2019amour de la bonne nourriture.  <\/p>\n<h2>Un nouveau d\u00e9part<\/h2>\n<p>Le voyage de l&rsquo;Arbequina ne s&rsquo;arr\u00eate jamais. A chaque r\u00e9colte, \u00e0 chaque bouteille, un nouveau chapitre de son histoire s&rsquo;ouvre. Chez <strong>OliFERM<\/strong> , nous nous engageons \u00e0 continuer d \u00ab \u00e9crire cette histoire avec passion et excellence, en honorant nos racines et en regardant vers l \u00bb avenir avec espoir et d\u00e9termination.  <\/p>\n<p>\u00cates-vous pr\u00eat \u00e0 nous rejoindre dans ce voyage inoubliable ? Alors laissez-vous emporter par la saveur unique de l&rsquo;olive Arbequina d&rsquo; <strong>OliFERM<\/strong> ! <\/p>\n<p>Passez votre commande d\u00e8s maintenant et profitez de la livraison gratuite !<\/p>\n<p>&nbsp;<\/p>\n","protected":false},"excerpt":{"rendered":"<p>Au c\u0153ur de la r\u00e9gion, parmi les vall\u00e9es dor\u00e9es et les arbres fruitiers majestueux, se trouve la demeure d&rsquo;un tr\u00e9sor gastronomique : l&rsquo;olive Arbequina. Depuis des temps imm\u00e9moriaux, ce petit joyau vert est l\u2019essence m\u00eame de notre terre, un symbole de passion et de tradition qui transcende les g\u00e9n\u00e9rations. Et chez OliFERM , nous ne [&hellip;]<\/p>\n","protected":false},"author":3,"featured_media":1206,"comment_status":"open","ping_status":"open","sticky":false,"template":"","format":"standard","meta":{"_acf_changed":false,"footnotes":""},"categories":[101],"tags":[],"class_list":["post-2979","post","type-post","status-publish","format-standard","has-post-thumbnail","hentry","category-blog-fr"],"acf":[],"yoast_head":"<!-- This site is optimized with the Yoast SEO plugin v27.5 - https:\/\/yoast.com\/product\/yoast-seo-wordpress\/ -->\n<title>Oliva arbequina - OliFERM - Oli d&#039;Oliva Verge Extra<\/title>\n<meta name=\"description\" content=\"Aimez-vous la saveur unique de l&#039;olive Arbequina ? D\u00e9couvrez-le dans chaque goutte d&#039;OliFERM \ud83c\udf3f \ud83d\udc68\u200d\ud83c\udf3e 973 12 00 22 - 626 60 27 44\" \/>\n<meta name=\"robots\" content=\"noindex, follow\" \/>\n<meta property=\"og:locale\" content=\"fr_FR\" \/>\n<meta property=\"og:type\" content=\"article\" \/>\n<meta property=\"og:title\" content=\"Oliva arbequina - OliFERM - Oli d&#039;Oliva Verge Extra\" \/>\n<meta property=\"og:description\" content=\"Aimez-vous la saveur unique de l&#039;olive Arbequina ? D\u00e9couvrez-le dans chaque goutte d&#039;OliFERM \ud83c\udf3f \ud83d\udc68\u200d\ud83c\udf3e 973 12 00 22 - 626 60 27 44\" \/>\n<meta property=\"og:url\" content=\"https:\/\/www.oliferm.com\/fr\/?p=2979\" \/>\n<meta property=\"og:site_name\" content=\"OliFERM - Oli d&#039;Oliva Verge Extra\" \/>\n<meta property=\"article:publisher\" content=\"https:\/\/www.facebook.com\/oliferm\" \/>\n<meta property=\"article:published_time\" content=\"2025-05-23T15:21:28+00:00\" \/>\n<meta property=\"article:modified_time\" content=\"2025-07-22T08:12:45+00:00\" \/>\n<meta property=\"og:image\" content=\"https:\/\/www.oliferm.com\/wp-content\/uploads\/2024\/02\/1.png\" \/>\n\t<meta property=\"og:image:width\" content=\"600\" \/>\n\t<meta property=\"og:image:height\" content=\"600\" \/>\n\t<meta property=\"og:image:type\" content=\"image\/png\" \/>\n<meta name=\"author\" content=\"Carola L\u00f3pez\" \/>\n<meta name=\"twitter:card\" content=\"summary_large_image\" \/>\n<meta name=\"twitter:label1\" content=\"\u00c9crit par\" \/>\n\t<meta name=\"twitter:data1\" content=\"Carola L\u00f3pez\" \/>\n\t<meta name=\"twitter:label2\" content=\"Dur\u00e9e de lecture estim\u00e9e\" \/>\n\t<meta name=\"twitter:data2\" content=\"2 minutes\" \/>\n<!-- \/ Yoast SEO plugin. -->","yoast_head_json":{"title":"Oliva arbequina - OliFERM - Oli d&#039;Oliva Verge Extra","description":"Aimez-vous la saveur unique de l'olive Arbequina ? D\u00e9couvrez-le dans chaque goutte d'OliFERM \ud83c\udf3f \ud83d\udc68\u200d\ud83c\udf3e 973 12 00 22 - 626 60 27 44","robots":{"index":"noindex","follow":"follow"},"og_locale":"fr_FR","og_type":"article","og_title":"Oliva arbequina - OliFERM - Oli d&#039;Oliva Verge Extra","og_description":"Aimez-vous la saveur unique de l'olive Arbequina ? D\u00e9couvrez-le dans chaque goutte d'OliFERM \ud83c\udf3f \ud83d\udc68\u200d\ud83c\udf3e 973 12 00 22 - 626 60 27 44","og_url":"https:\/\/www.oliferm.com\/fr\/?p=2979","og_site_name":"OliFERM - Oli d&#039;Oliva Verge Extra","article_publisher":"https:\/\/www.facebook.com\/oliferm","article_published_time":"2025-05-23T15:21:28+00:00","article_modified_time":"2025-07-22T08:12:45+00:00","og_image":[{"width":600,"height":600,"url":"https:\/\/www.oliferm.com\/wp-content\/uploads\/2024\/02\/1.png","type":"image\/png"}],"author":"Carola L\u00f3pez","twitter_card":"summary_large_image","twitter_misc":{"\u00c9crit par":"Carola L\u00f3pez","Dur\u00e9e de lecture estim\u00e9e":"2 minutes"},"schema":{"@context":"https:\/\/schema.org","@graph":[{"@type":"Article","@id":"https:\/\/www.oliferm.com\/fr\/?p=2979#article","isPartOf":{"@id":"https:\/\/www.oliferm.com\/fr\/?p=2979"},"author":{"name":"Carola L\u00f3pez","@id":"https:\/\/www.oliferm.com\/#\/schema\/person\/723f902ae2010922288294ed65952a26"},"headline":"Le voyage de l&rsquo;olive Arbequina (De l&rsquo;olivier \u00e0 votre table)","datePublished":"2025-05-23T15:21:28+00:00","dateModified":"2025-07-22T08:12:45+00:00","mainEntityOfPage":{"@id":"https:\/\/www.oliferm.com\/fr\/?p=2979"},"wordCount":481,"commentCount":0,"publisher":{"@id":"https:\/\/www.oliferm.com\/#organization"},"image":{"@id":"https:\/\/www.oliferm.com\/fr\/?p=2979#primaryimage"},"thumbnailUrl":"https:\/\/www.oliferm.com\/wp-content\/uploads\/2024\/02\/1.png","articleSection":["Blog"],"inLanguage":"fr-FR","potentialAction":[{"@type":"CommentAction","name":"Comment","target":["https:\/\/www.oliferm.com\/fr\/?p=2979#respond"]}]},{"@type":"WebPage","@id":"https:\/\/www.oliferm.com\/fr\/?p=2979","url":"https:\/\/www.oliferm.com\/fr\/?p=2979","name":"Oliva arbequina - OliFERM - Oli d&#039;Oliva Verge Extra","isPartOf":{"@id":"https:\/\/www.oliferm.com\/#website"},"primaryImageOfPage":{"@id":"https:\/\/www.oliferm.com\/fr\/?p=2979#primaryimage"},"image":{"@id":"https:\/\/www.oliferm.com\/fr\/?p=2979#primaryimage"},"thumbnailUrl":"https:\/\/www.oliferm.com\/wp-content\/uploads\/2024\/02\/1.png","datePublished":"2025-05-23T15:21:28+00:00","dateModified":"2025-07-22T08:12:45+00:00","description":"Aimez-vous la saveur unique de l'olive Arbequina ? D\u00e9couvrez-le dans chaque goutte d'OliFERM \ud83c\udf3f \ud83d\udc68\u200d\ud83c\udf3e 973 12 00 22 - 626 60 27 44","breadcrumb":{"@id":"https:\/\/www.oliferm.com\/fr\/?p=2979#breadcrumb"},"inLanguage":"fr-FR","potentialAction":[{"@type":"ReadAction","target":["https:\/\/www.oliferm.com\/fr\/?p=2979"]}]},{"@type":"ImageObject","inLanguage":"fr-FR","@id":"https:\/\/www.oliferm.com\/fr\/?p=2979#primaryimage","url":"https:\/\/www.oliferm.com\/wp-content\/uploads\/2024\/02\/1.png","contentUrl":"https:\/\/www.oliferm.com\/wp-content\/uploads\/2024\/02\/1.png","width":600,"height":600,"caption":"aceituna Arbequina"},{"@type":"BreadcrumbList","@id":"https:\/\/www.oliferm.com\/fr\/?p=2979#breadcrumb","itemListElement":[{"@type":"ListItem","position":1,"name":"Inici","item":"https:\/\/www.oliferm.com\/fr\/"},{"@type":"ListItem","position":2,"name":"Le voyage de l&#8217;olive Arbequina (De l&#8217;olivier \u00e0 votre table)"}]},{"@type":"WebSite","@id":"https:\/\/www.oliferm.com\/#website","url":"https:\/\/www.oliferm.com\/","name":"OliFERM - Oli d&#039;Oliva Verge Extra","description":"Cooperativa de Castelldans","publisher":{"@id":"https:\/\/www.oliferm.com\/#organization"},"potentialAction":[{"@type":"SearchAction","target":{"@type":"EntryPoint","urlTemplate":"https:\/\/www.oliferm.com\/?s={search_term_string}"},"query-input":{"@type":"PropertyValueSpecification","valueRequired":true,"valueName":"search_term_string"}}],"inLanguage":"fr-FR"},{"@type":"Organization","@id":"https:\/\/www.oliferm.com\/#organization","name":"OliFERM - Cooperativa de Castelldans","url":"https:\/\/www.oliferm.com\/","logo":{"@type":"ImageObject","inLanguage":"fr-FR","@id":"https:\/\/www.oliferm.com\/#\/schema\/logo\/image\/","url":"https:\/\/www.oliferm.com\/wp-content\/uploads\/2022\/02\/logo-ppal.png","contentUrl":"https:\/\/www.oliferm.com\/wp-content\/uploads\/2022\/02\/logo-ppal.png","width":700,"height":542,"caption":"OliFERM - Cooperativa de Castelldans"},"image":{"@id":"https:\/\/www.oliferm.com\/#\/schema\/logo\/image\/"},"sameAs":["https:\/\/www.facebook.com\/oliferm","https:\/\/www.instagram.com\/cooperativacastelldans\/"]},{"@type":"Person","@id":"https:\/\/www.oliferm.com\/#\/schema\/person\/723f902ae2010922288294ed65952a26","name":"Carola L\u00f3pez","image":{"@type":"ImageObject","inLanguage":"fr-FR","@id":"https:\/\/secure.gravatar.com\/avatar\/5fe445f9f8c59aea6b1f7126f00fceb51b48c675db117c8bcd06fa16b32664f2?s=96&d=mm&r=g","url":"https:\/\/secure.gravatar.com\/avatar\/5fe445f9f8c59aea6b1f7126f00fceb51b48c675db117c8bcd06fa16b32664f2?s=96&d=mm&r=g","contentUrl":"https:\/\/secure.gravatar.com\/avatar\/5fe445f9f8c59aea6b1f7126f00fceb51b48c675db117c8bcd06fa16b32664f2?s=96&d=mm&r=g","caption":"Carola L\u00f3pez"}}]}},"_links":{"self":[{"href":"https:\/\/www.oliferm.com\/fr\/wp-json\/wp\/v2\/posts\/2979","targetHints":{"allow":["GET"]}}],"collection":[{"href":"https:\/\/www.oliferm.com\/fr\/wp-json\/wp\/v2\/posts"}],"about":[{"href":"https:\/\/www.oliferm.com\/fr\/wp-json\/wp\/v2\/types\/post"}],"author":[{"embeddable":true,"href":"https:\/\/www.oliferm.com\/fr\/wp-json\/wp\/v2\/users\/3"}],"replies":[{"embeddable":true,"href":"https:\/\/www.oliferm.com\/fr\/wp-json\/wp\/v2\/comments?post=2979"}],"version-history":[{"count":0,"href":"https:\/\/www.oliferm.com\/fr\/wp-json\/wp\/v2\/posts\/2979\/revisions"}],"wp:featuredmedia":[{"embeddable":true,"href":"https:\/\/www.oliferm.com\/fr\/wp-json\/wp\/v2\/media\/1206"}],"wp:attachment":[{"href":"https:\/\/www.oliferm.com\/fr\/wp-json\/wp\/v2\/media?parent=2979"}],"wp:term":[{"taxonomy":"category","embeddable":true,"href":"https:\/\/www.oliferm.com\/fr\/wp-json\/wp\/v2\/categories?post=2979"},{"taxonomy":"post_tag","embeddable":true,"href":"https:\/\/www.oliferm.com\/fr\/wp-json\/wp\/v2\/tags?post=2979"}],"curies":[{"name":"wp","href":"https:\/\/api.w.org\/{rel}","templated":true}]}}